{"id":975,"date":"2022-11-10T15:42:33","date_gmt":"2022-11-10T14:42:33","guid":{"rendered":"https:\/\/la-petite-classe.com\/le-blog-de-la-prof\/?p=975"},"modified":"2022-11-10T15:42:34","modified_gmt":"2022-11-10T14:42:34","slug":"on-ne-boit-pas-on-donne-un-baiser-et-le-vin-vous-rend-une-caresse-montaigne-2","status":"publish","type":"post","link":"https:\/\/la-petite-classe.com\/le-blog-de-la-prof\/on-ne-boit-pas-on-donne-un-baiser-et-le-vin-vous-rend-une-caresse-montaigne-2\/","title":{"rendered":"\u00a0\u00ab\u00a0On ne boit pas, on donne un baiser et le vin vous rend une caresse\u00a0\u00bb Montaigne"},"content":{"rendered":"\n<figure class=\"wp-block-image size-large\"><img data-recalc-dims=\"1\" loading=\"lazy\" decoding=\"async\" width=\"792\" height=\"967\" src=\"https:\/\/i0.wp.com\/la-petite-classe.com\/le-blog-de-la-prof\/wp-content\/uploads\/sites\/2\/2022\/11\/E860E979-430E-40E8-8075-34643C5FBB3B.jpeg?resize=792%2C967&#038;ssl=1\" alt=\"\" class=\"wp-image-977\" srcset=\"https:\/\/i0.wp.com\/la-petite-classe.com\/le-blog-de-la-prof\/wp-content\/uploads\/sites\/2\/2022\/11\/E860E979-430E-40E8-8075-34643C5FBB3B.jpeg?resize=839%2C1024&amp;ssl=1 839w, https:\/\/i0.wp.com\/la-petite-classe.com\/le-blog-de-la-prof\/wp-content\/uploads\/sites\/2\/2022\/11\/E860E979-430E-40E8-8075-34643C5FBB3B.jpeg?resize=246%2C300&amp;ssl=1 246w, https:\/\/i0.wp.com\/la-petite-classe.com\/le-blog-de-la-prof\/wp-content\/uploads\/sites\/2\/2022\/11\/E860E979-430E-40E8-8075-34643C5FBB3B.jpeg?resize=768%2C937&amp;ssl=1 768w, https:\/\/i0.wp.com\/la-petite-classe.com\/le-blog-de-la-prof\/wp-content\/uploads\/sites\/2\/2022\/11\/E860E979-430E-40E8-8075-34643C5FBB3B.jpeg?w=1049&amp;ssl=1 1049w\" sizes=\"auto, (max-width: 792px) 100vw, 792px\" \/><figcaption>Vendanges &#8211; Tr\u00e8s Riches Heures du Duc de Berry XVe si\u00e8cle\u00a0<\/figcaption><\/figure>\n\n\n\n<p>Apr\u00e8s la chute de l&rsquo;Empire romain, la viticulture conserve le prestige qu&rsquo;elle a acquis durant l&rsquo;Antiquit\u00e9, et demeure un symbole social majeur. Premier personnage des cit\u00e9s du haut Moyen \u00c2ge, l&rsquo;\u00e9v\u00eaque s&rsquo;impose aussi comme le plus important des viticulteurs.<\/p>\n\n\n\n<p>Au Moyen \u00c2ge, le vignoble r\u00e9gresse partout en Europe.&nbsp;<\/p>\n\n\n\n<p>On doit en partie sa survie au travail de culture et de valorisation entrepris par les communaut\u00e9s religieuses<\/p>\n\n\n\n<figure class=\"wp-block-image size-large\"><img data-recalc-dims=\"1\" loading=\"lazy\" decoding=\"async\" width=\"792\" height=\"782\" src=\"https:\/\/i0.wp.com\/la-petite-classe.com\/le-blog-de-la-prof\/wp-content\/uploads\/sites\/2\/2022\/11\/4CBC81DB-C72E-4774-BD64-1BF8A27CA7B1.jpeg?resize=792%2C782&#038;ssl=1\" alt=\"\" class=\"wp-image-978\" srcset=\"https:\/\/i0.wp.com\/la-petite-classe.com\/le-blog-de-la-prof\/wp-content\/uploads\/sites\/2\/2022\/11\/4CBC81DB-C72E-4774-BD64-1BF8A27CA7B1.jpeg?resize=1024%2C1011&amp;ssl=1 1024w, https:\/\/i0.wp.com\/la-petite-classe.com\/le-blog-de-la-prof\/wp-content\/uploads\/sites\/2\/2022\/11\/4CBC81DB-C72E-4774-BD64-1BF8A27CA7B1.jpeg?resize=300%2C296&amp;ssl=1 300w, https:\/\/i0.wp.com\/la-petite-classe.com\/le-blog-de-la-prof\/wp-content\/uploads\/sites\/2\/2022\/11\/4CBC81DB-C72E-4774-BD64-1BF8A27CA7B1.jpeg?resize=768%2C758&amp;ssl=1 768w, https:\/\/i0.wp.com\/la-petite-classe.com\/le-blog-de-la-prof\/wp-content\/uploads\/sites\/2\/2022\/11\/4CBC81DB-C72E-4774-BD64-1BF8A27CA7B1.jpeg?resize=50%2C50&amp;ssl=1 50w, https:\/\/i0.wp.com\/la-petite-classe.com\/le-blog-de-la-prof\/wp-content\/uploads\/sites\/2\/2022\/11\/4CBC81DB-C72E-4774-BD64-1BF8A27CA7B1.jpeg?w=1297&amp;ssl=1 1297w\" sizes=\"auto, (max-width: 792px) 100vw, 792px\" \/><figcaption>Moine go\u00fbtant du vin dans un cellier XIIIe si\u00e8cle\u00a0<\/figcaption><\/figure>\n\n\n\n<p><a href=\"https:\/\/www.inrap.fr\/dossiers\/Archeologie-du-Vin\/Histoire-du-vin\/Moyen-Age-Culture-et-societe#.Y2vK9S3fvi0\"><\/a><\/p>\n\n\n\n<p><a href=\"http:\/\/<!-- wp:paragraph --&gt; <p&gt;<a href=&quot;https:\/\/www.inrap.fr\/dossiers\/Archeologie-du-Vin\/Histoire-du-vin\/Moyen-Age-Culture-et-societe#.Y2vK9S3fvi0&quot;&gt;https:\/\/www.inrap.fr\/dossiers\/Archeologie-du-Vin\/Histoire-du-vin\/Moyen-Age-Culture-et-societe#.Y2vK9S3fvi0<\/a&gt;<\/p&gt; <!-- \/wp:paragraph --&gt;\" target=\"_blank\" rel=\"noreferrer noopener\">Dossier tr\u00e8s int\u00e9ressant sur l\u2019Histoire du Vin<\/a><\/p>\n\n\n\n<h2 class=\"has-text-align-center wp-block-heading\"><strong>Qu\u2019est-ce donc que la Paul\u00e9e ?&nbsp;<\/strong><\/h2>\n\n\n\n<p>La paul\u00e9e, c\u2019est d\u2019abord une tradition qui nous vient de Bourgogne. Ses origines remontent au Moyen \u00c2ge. Les moines de  <a href=\"#accent\">l\u2019<strong>Abbaye de C\u00eeteaux<\/strong><\/a>\u00a0qui r\u00e9gnaient en ma\u00eetres sur la Bourgogne c\u00e9l\u00e9braient la fin des vendanges par un repas bien arros\u00e9 o\u00f9 tous les vendangeurs \u00e9taient convi\u00e9s.\u00a0<\/p>\n\n\n\n<p>La coutume tombe aux oubliettes\u00ad\u00ad \u00e0 la R\u00e9volution fran\u00e7aise et ne sera reprise qu\u2019en 1923 par Jules Lafon, du domaine \u00e9ponyme \u00e0 Meursault<\/p>\n\n\n\n<p class=\"has-text-align-center\"><a href=\"https:\/\/www.lejsl.com\/saone-et-loire\/2011\/10\/07\/la-revolution-non-la-paulee\"><\/a><strong>L\u2019appellation Paul\u00e9e descend du mot Paule en patois qui signifie \u201cpelle\u201d.\u00a0<\/strong><\/p>\n\n\n\n<p>Ce terme fait r\u00e9f\u00e9rence \u00e0 la derni\u00e8re pellet\u00e9e de raisin vers\u00e9e dans le pressoir et donc \u00e0 la fin des vendanges (la fin de la r\u00e9colte des raisins dans le domaine).<\/p>\n\n\n\n<p>Ce jour-l\u00e0, le retour des vignes y est plus agit\u00e9 qu\u2019\u00e0 l\u2019ordinaire pour signaler la fin du travail des s\u00e9cateurs et le d\u00e9but des r\u00e9jouissances.<\/p>\n\n\n\n<figure class=\"wp-block-image size-large\"><img data-recalc-dims=\"1\" loading=\"lazy\" decoding=\"async\" width=\"792\" height=\"509\" src=\"https:\/\/i0.wp.com\/la-petite-classe.com\/le-blog-de-la-prof\/wp-content\/uploads\/sites\/2\/2022\/11\/E0909B83-A667-4007-A720-37420BA0D7CF.jpeg?resize=792%2C509&#038;ssl=1\" alt=\"\" class=\"wp-image-979\" srcset=\"https:\/\/i0.wp.com\/la-petite-classe.com\/le-blog-de-la-prof\/wp-content\/uploads\/sites\/2\/2022\/11\/E0909B83-A667-4007-A720-37420BA0D7CF.jpeg?resize=1024%2C658&amp;ssl=1 1024w, https:\/\/i0.wp.com\/la-petite-classe.com\/le-blog-de-la-prof\/wp-content\/uploads\/sites\/2\/2022\/11\/E0909B83-A667-4007-A720-37420BA0D7CF.jpeg?resize=300%2C193&amp;ssl=1 300w, https:\/\/i0.wp.com\/la-petite-classe.com\/le-blog-de-la-prof\/wp-content\/uploads\/sites\/2\/2022\/11\/E0909B83-A667-4007-A720-37420BA0D7CF.jpeg?resize=768%2C494&amp;ssl=1 768w, https:\/\/i0.wp.com\/la-petite-classe.com\/le-blog-de-la-prof\/wp-content\/uploads\/sites\/2\/2022\/11\/E0909B83-A667-4007-A720-37420BA0D7CF.jpeg?w=1280&amp;ssl=1 1280w\" sizes=\"auto, (max-width: 792px) 100vw, 792px\" \/><\/figure>\n\n\n\n<h2 class=\"has-text-align-center wp-block-heading\"><strong>La paul\u00e9e, un repas pas tout \u00e0 fait comme les autres<\/strong><\/h2>\n\n\n\n<p>La Paul\u00e9e ou le Tue-chien est un banquet offert par le propri\u00e9taire aux ouvriers \u00e0 la fin des vendanges. Un moment de partage o\u00f9 convivialit\u00e9 est le ma\u00eetre mot de la soir\u00e9e et o\u00f9 l\u2019on partage de doux breuvages et un bon repas.<br>Repas festif pendant lequel les convives pratiquent ensemble l\u2019art du \u00ab\u00a0bien manger\u00a0\u00bb et du \u00ab\u00a0bien boire\u00a0\u00bb mais aussi le \u00ab\u00a0bien \u00eatre\u00a0\u00bb ensemble.\u00a0Les convives c\u00e9l\u00e8brent au cours de ce repas le plaisir du go\u00fbt, l\u2019harmonie entre l\u2019\u00eatre humain et les productions de la nature.<\/p>\n\n\n\n<p>Aujourd\u2019hui encore, c\u2019est un repas traditionnel o\u00f9 se retrouvent tous les amoureux du vin et de la vigne. Si par chance vous en faites une, vous y croiserez des vignerons, des vendangeurs, des oenophiles et tous les amoureux de notre passion commune !&nbsp;<\/p>\n\n\n\n<p>En g\u00e9n\u00e9ral, cet \u00e9v\u00e9nement a lieu\u00a0en septembre, une fois les vendanges termin\u00e9es. <br>C\u2019est en effet une mani\u00e8re de clore en beaut\u00e9 ce temps fort de l\u2019ann\u00e9e.\u00a0<br>\u00c0 cette occasion chacun apporte son vin, sa p\u00e9pite, son merveilleux breuvage avec pour objectif de le partager avec les autres invit\u00e9s.<\/p>\n\n\n\n<p>Le repas des paul\u00e9es traditionnelles consiste en C\u00f4te de Beaune en un \u00ab\u00a0pot-au-feu ou civet de lapin avec des flans et des brioches\u00a0\u00bb.<br>\u00c0 Nuits-Saint-Georges, on mange de \u00ab\u00a0l\u2019\u00e9paule de veau ou de mouton farci, des brioches, du flan \u00e0 la semoule et des <a href=\"https:\/\/www.ptitchef.com\/recettes\/autre\/corniottes-aux-fromages-fid-505858\" target=\"_blank\" rel=\"noreferrer noopener\">corniottes<\/a> au fromage blanc\u00a0\u00bb, servis \u00e0 la propri\u00e9t\u00e9 aux ouvriers viticoles.<\/p>\n\n\n\n<p><a href=\"https:\/\/www.ptitchef.com\/recettes\/autre\/corniottes-aux-fromages-fid-505858\"><\/a><\/p>\n\n\n\n<h2 class=\"has-text-align-center wp-block-heading\"><strong>&nbsp;Les Confr\u00e9ries du Vin<\/strong><\/h2>\n\n\n\n<p>Le protocole des Confr\u00e9ries d\u00e9bute par une b\u00e9n\u00e9diction religieuse , depuis les origines m\u00e9di\u00e9vales de La Paul\u00e9e des moines de C\u00eeteaux<\/p>\n\n\n\n<figure class=\"wp-block-image size-large is-resized\"><img data-recalc-dims=\"1\" loading=\"lazy\" decoding=\"async\" src=\"https:\/\/i0.wp.com\/la-petite-classe.com\/le-blog-de-la-prof\/wp-content\/uploads\/sites\/2\/2022\/11\/7233CAF5-C624-4F28-BEC7-F2F9BEC11517.jpeg?resize=792%2C445&#038;ssl=1\" alt=\"\" class=\"wp-image-980\" width=\"792\" height=\"445\" srcset=\"https:\/\/i0.wp.com\/la-petite-classe.com\/le-blog-de-la-prof\/wp-content\/uploads\/sites\/2\/2022\/11\/7233CAF5-C624-4F28-BEC7-F2F9BEC11517.jpeg?resize=1024%2C576&amp;ssl=1 1024w, https:\/\/i0.wp.com\/la-petite-classe.com\/le-blog-de-la-prof\/wp-content\/uploads\/sites\/2\/2022\/11\/7233CAF5-C624-4F28-BEC7-F2F9BEC11517.jpeg?resize=300%2C169&amp;ssl=1 300w, https:\/\/i0.wp.com\/la-petite-classe.com\/le-blog-de-la-prof\/wp-content\/uploads\/sites\/2\/2022\/11\/7233CAF5-C624-4F28-BEC7-F2F9BEC11517.jpeg?resize=768%2C432&amp;ssl=1 768w, https:\/\/i0.wp.com\/la-petite-classe.com\/le-blog-de-la-prof\/wp-content\/uploads\/sites\/2\/2022\/11\/7233CAF5-C624-4F28-BEC7-F2F9BEC11517.jpeg?w=1441&amp;ssl=1 1441w\" sizes=\"auto, (max-width: 792px) 100vw, 792px\" \/><figcaption>Les Trompes du D\u00e9buch\u00e9 de Bourgogne, les confr\u00e9ries et mutuelles lors de la b\u00e9n\u00e9diction sainte en la cath\u00e9drale Saint-Vincent. Photo J. -M.\u00a0M<\/figcaption><\/figure>\n\n\n\n<p>Elles sont nombreuses et portent des noms amusants parfois, comme celles de\u00a0La C\u00f4te Chalonnaise, <br>la Chantefl\u00fbte, ou les Embrasseurs du fin goulot.\u00a0<br>Avec la vente des vins des hospices de Beaune et le chapitre de la plus connue,la confr\u00e9rie des Chevaliers du Tastevin, la Paul\u00e9e fait partie des \u00ab Trois glorieuses \u00bb vigneronnes bourguignonnes.<\/p>\n\n\n\n<p class=\"has-text-align-center\"><strong>Et m\u00eame malgr\u00e9 l\u2019apparition de la machine \u00e0 vendanger, <br>il reste encore beaucoup de vignerons qui r\u00e9coltent \u00e0 la main.\u00a0<\/strong><\/p>\n\n\n\n<p>La Paul\u00e9e a donc encore son essence : il s\u2019agit bien chaque ann\u00e9e d\u2019une r\u00e9volution, c\u2019est-\u00e0-dire la fin d\u2019un cycle de vigne et le d\u00e9but d\u2019un autre.<\/p>\n\n\n\n<figure class=\"wp-block-image size-full\"><img data-recalc-dims=\"1\" loading=\"lazy\" decoding=\"async\" width=\"727\" height=\"706\" src=\"https:\/\/i0.wp.com\/la-petite-classe.com\/le-blog-de-la-prof\/wp-content\/uploads\/sites\/2\/2022\/11\/4BBB3F06-2B58-4470-A8CA-E6F2FA9C62C1.jpeg?resize=727%2C706&#038;ssl=1\" alt=\"\" class=\"wp-image-981\" srcset=\"https:\/\/i0.wp.com\/la-petite-classe.com\/le-blog-de-la-prof\/wp-content\/uploads\/sites\/2\/2022\/11\/4BBB3F06-2B58-4470-A8CA-E6F2FA9C62C1.jpeg?w=727&amp;ssl=1 727w, https:\/\/i0.wp.com\/la-petite-classe.com\/le-blog-de-la-prof\/wp-content\/uploads\/sites\/2\/2022\/11\/4BBB3F06-2B58-4470-A8CA-E6F2FA9C62C1.jpeg?resize=300%2C291&amp;ssl=1 300w, https:\/\/i0.wp.com\/la-petite-classe.com\/le-blog-de-la-prof\/wp-content\/uploads\/sites\/2\/2022\/11\/4BBB3F06-2B58-4470-A8CA-E6F2FA9C62C1.jpeg?resize=50%2C50&amp;ssl=1 50w\" sizes=\"auto, (max-width: 727px) 100vw, 727px\" \/><figcaption>Le foulage du raisin 1490\u00a0<\/figcaption><\/figure>\n\n\n\n<h2 class=\"has-text-align-center wp-block-heading\"><strong>Qui d\u00e9cide de la date des vendanges ? <\/strong><\/h2>\n\n\n\n<p class=\"has-text-align-center\"><strong>C\u2019est dame nature qui le fait savoir en fonction du sol, du mill\u00e9sime et du c\u00e9page<\/strong>.<\/p>\n\n\n\n<figure class=\"wp-block-image size-full\"><img data-recalc-dims=\"1\" loading=\"lazy\" decoding=\"async\" width=\"792\" height=\"528\" src=\"https:\/\/i0.wp.com\/la-petite-classe.com\/le-blog-de-la-prof\/wp-content\/uploads\/sites\/2\/2022\/11\/6932EA19-1A32-452B-A337-1BBFB97B6CCB.jpeg?resize=792%2C528&#038;ssl=1\" alt=\"\" class=\"wp-image-982\" srcset=\"https:\/\/i0.wp.com\/la-petite-classe.com\/le-blog-de-la-prof\/wp-content\/uploads\/sites\/2\/2022\/11\/6932EA19-1A32-452B-A337-1BBFB97B6CCB.jpeg?w=962&amp;ssl=1 962w, https:\/\/i0.wp.com\/la-petite-classe.com\/le-blog-de-la-prof\/wp-content\/uploads\/sites\/2\/2022\/11\/6932EA19-1A32-452B-A337-1BBFB97B6CCB.jpeg?resize=300%2C200&amp;ssl=1 300w, https:\/\/i0.wp.com\/la-petite-classe.com\/le-blog-de-la-prof\/wp-content\/uploads\/sites\/2\/2022\/11\/6932EA19-1A32-452B-A337-1BBFB97B6CCB.jpeg?resize=768%2C512&amp;ssl=1 768w\" sizes=\"auto, (max-width: 792px) 100vw, 792px\" \/><\/figure>\n\n\n\n<h4 class=\"wp-block-heading\" id=\"accent\">\ud83e\udd8b<strong>Petite remarque sur l\u2019accent circonflexe<\/strong>:<\/h4>\n\n\n\n<p>Il a remplac\u00e9 le S (souvent devant un T).<br>Ainsi le mot\u00a0<strong>h\u00f4tel<\/strong>\u00a0s\u2019\u00e9crivait\u00a0<strong>hostel<\/strong>\u00a0et on le trouve encore dans<strong>\u00a0hostellerie\u00a0<\/strong><br><strong>(<\/strong>\ud83d\ude09attention ! ce<strong>\u00a0S<\/strong>\u00a0est ici synonyme de \u00ab\u00a0prix \u00e9lev\u00e9\u00a0<strong>\u00ab\u00a0)<\/strong><br>J\u2019ai parl\u00e9 des moines de\u00a0<strong>C\u00eeteaux,\u00a0<\/strong>autrefois\u00a0<strong>Cisteaux,\u00a0<\/strong>ville o\u00f9 est n\u00e9 l\u2019Ordre religieux des\u00a0<strong>Cisterciens<\/strong>, <br>qui ont \u00e9difi\u00e9 notamment l\u2019<strong>Abbaye de Fontenay<\/strong>, XIIe si\u00e8cle,\u00a0inscrite au Patrimoine Mondial de L\u2019UNESCO<\/p>\n\n\n\n<div style=\"height:62px\" aria-hidden=\"true\" class=\"wp-block-spacer\"><\/div>\n\n\n\n<p class=\"has-text-align-right\"><strong><em> \u00c0 bient\u00f4t ! <\/em><\/strong>\ud83c\udf77\ud83e\udd42\ud83c\udf7e              <\/p>\n\n\n\n<p>Initiation \u00e0 l\u2019oenologie<\/p>\n\n\n\n<figure class=\"wp-block-embed is-type-wp-embed is-provider-la-petite-classe-le-blog wp-block-embed-la-petite-classe-le-blog\"><div class=\"wp-block-embed__wrapper\">\n<blockquote class=\"wp-embedded-content\" data-secret=\"sQfBYA0dAF\"><a href=\"https:\/\/la-petite-classe.com\/le-blog-de-la-prof\/on-ne-boit-pas-on-donne-un-baiser-et-le-vin-vous-rend-une-caresse-montaigne\/\">&#8220;On ne boit pas, on donne un baiser et le vin vous rend une caresse&#8221; Montaigne<\/a><\/blockquote><iframe loading=\"lazy\" class=\"wp-embedded-content\" sandbox=\"allow-scripts\" security=\"restricted\" style=\"position: absolute; clip: rect(1px, 1px, 1px, 1px);\" title=\"\u00ab\u00a0&#8220;On ne boit pas, on donne un baiser et le vin vous rend une caresse&#8221; Montaigne\u00a0\u00bb &#8212; La petite classe : le blog\" src=\"https:\/\/la-petite-classe.com\/le-blog-de-la-prof\/on-ne-boit-pas-on-donne-un-baiser-et-le-vin-vous-rend-une-caresse-montaigne\/embed\/#?secret=CK2btPuVzy#?secret=sQfBYA0dAF\" data-secret=\"sQfBYA0dAF\" width=\"600\" height=\"338\" frameborder=\"0\" marginwidth=\"0\" marginheight=\"0\" scrolling=\"no\"><\/iframe>\n<\/div><\/figure>\n\n\n\n<p>Tr\u00e8s belles photos sur le vin<\/p>\n\n\n\n<figure class=\"wp-block-embed is-type-wp-embed is-provider-photography-wine wp-block-embed-photography-wine\"><div class=\"wp-block-embed__wrapper\">\n<blockquote class=\"wp-embedded-content\" data-secret=\"t72MagAkTj\"><a href=\"https:\/\/photography.wine\/photographic_report\/\">Photographic report<\/a><\/blockquote><iframe loading=\"lazy\" class=\"wp-embedded-content\" sandbox=\"allow-scripts\" security=\"restricted\" style=\"position: absolute; clip: rect(1px, 1px, 1px, 1px);\" title=\"\u00ab\u00a0Photographic report\u00a0\u00bb &#8212; photography.wine\" src=\"https:\/\/photography.wine\/photographic_report\/embed\/#?secret=7bhy1Dvdud#?secret=t72MagAkTj\" data-secret=\"t72MagAkTj\" width=\"600\" height=\"338\" frameborder=\"0\" marginwidth=\"0\" marginheight=\"0\" scrolling=\"no\"><\/iframe>\n<\/div><\/figure>\n\n\n\n<p><a href=\"https:\/\/www.bourgogne-tourisme.com\/decouvrir\/la-bourgogne-des-vignes-et-vignobles\/top-10-des-fetes-viticoles-en-bourgogne\/\" target=\"_blank\" rel=\"noreferrer noopener\">Les f\u00eates bourguignonnes\u00a0viticoles<\/a><\/p>\n\n\n<div class=\"kk-star-ratings kksr-auto kksr-align-left kksr-valign-bottom\"\n    data-payload='{&quot;align&quot;:&quot;left&quot;,&quot;id&quot;:&quot;975&quot;,&quot;slug&quot;:&quot;default&quot;,&quot;valign&quot;:&quot;bottom&quot;,&quot;ignore&quot;:&quot;&quot;,&quot;reference&quot;:&quot;auto&quot;,&quot;class&quot;:&quot;&quot;,&quot;count&quot;:&quot;0&quot;,&quot;legendonly&quot;:&quot;&quot;,&quot;readonly&quot;:&quot;&quot;,&quot;score&quot;:&quot;0&quot;,&quot;starsonly&quot;:&quot;&quot;,&quot;best&quot;:&quot;5&quot;,&quot;gap&quot;:&quot;4&quot;,&quot;greet&quot;:&quot;Votez&quot;,&quot;legend&quot;:&quot;0\\\/5 - (0 vote)&quot;,&quot;size&quot;:&quot;18&quot;,&quot;title&quot;:&quot;\u00a0\\u0026quot;On ne boit pas, on donne un baiser et le vin vous rend une caresse\\u0026quot; Montaigne&quot;,&quot;width&quot;:&quot;0&quot;,&quot;_legend&quot;:&quot;{score}\\\/{best} - ({count} {votes})&quot;,&quot;font_factor&quot;:&quot;1.25&quot;}'>\n            \n<div class=\"kksr-stars\">\n    \n<div class=\"kksr-stars-inactive\">\n            <div class=\"kksr-star\" data-star=\"1\" style=\"padding-right: 4px\">\n            \n\n<div class=\"kksr-icon\" style=\"width: 18px; height: 18px;\"><\/div>\n        <\/div>\n            <div class=\"kksr-star\" data-star=\"2\" style=\"padding-right: 4px\">\n            \n\n<div class=\"kksr-icon\" style=\"width: 18px; height: 18px;\"><\/div>\n        <\/div>\n            <div class=\"kksr-star\" data-star=\"3\" style=\"padding-right: 4px\">\n            \n\n<div class=\"kksr-icon\" style=\"width: 18px; height: 18px;\"><\/div>\n        <\/div>\n            <div class=\"kksr-star\" data-star=\"4\" style=\"padding-right: 4px\">\n            \n\n<div class=\"kksr-icon\" style=\"width: 18px; height: 18px;\"><\/div>\n        <\/div>\n            <div class=\"kksr-star\" data-star=\"5\" style=\"padding-right: 4px\">\n            \n\n<div class=\"kksr-icon\" style=\"width: 18px; height: 18px;\"><\/div>\n        <\/div>\n    <\/div>\n    \n<div class=\"kksr-stars-active\" style=\"width: 0px;\">\n            <div class=\"kksr-star\" style=\"padding-right: 4px\">\n            \n\n<div class=\"kksr-icon\" style=\"width: 18px; height: 18px;\"><\/div>\n        <\/div>\n            <div class=\"kksr-star\" style=\"padding-right: 4px\">\n            \n\n<div class=\"kksr-icon\" style=\"width: 18px; height: 18px;\"><\/div>\n        <\/div>\n            <div class=\"kksr-star\" style=\"padding-right: 4px\">\n            \n\n<div class=\"kksr-icon\" style=\"width: 18px; height: 18px;\"><\/div>\n        <\/div>\n            <div class=\"kksr-star\" style=\"padding-right: 4px\">\n            \n\n<div class=\"kksr-icon\" style=\"width: 18px; height: 18px;\"><\/div>\n        <\/div>\n            <div class=\"kksr-star\" style=\"padding-right: 4px\">\n            \n\n<div class=\"kksr-icon\" style=\"width: 18px; height: 18px;\"><\/div>\n        <\/div>\n    <\/div>\n<\/div>\n                \n\n<div class=\"kksr-legend\" style=\"font-size: 14.4px;\">\n            <span class=\"kksr-muted\">Votez<\/span>\n    <\/div>\n    <\/div>\n","protected":false},"excerpt":{"rendered":"<p>Apr\u00e8s la chute de l&rsquo;Empire romain, la viticulture conserve le prestige qu&rsquo;elle a acquis durant l&rsquo;Antiquit\u00e9, et demeure un symbole social majeur. Premier personnage des cit\u00e9s du haut Moyen \u00c2ge, l&rsquo;\u00e9v\u00eaque s&rsquo;impose aussi comme le plus important des viticulteurs. Au Moyen \u00c2ge, le vignoble r\u00e9gresse partout en Europe.&nbsp; On doit en partie sa survie au &hellip; <a href=\"https:\/\/la-petite-classe.com\/le-blog-de-la-prof\/on-ne-boit-pas-on-donne-un-baiser-et-le-vin-vous-rend-une-caresse-montaigne-2\/\" class=\"more-link\">Continue reading <span class=\"screen-reader-text\">\u00a0\u00ab\u00a0On ne boit pas, on donne un baiser et le vin vous rend une caresse\u00a0\u00bb Montaigne<\/span><\/a><\/p>\n","protected":false},"author":1,"featured_media":0,"comment_status":"open","ping_status":"open","sticky":false,"template":"","format":"standard","meta":{"_seopress_robots_primary_cat":"none","_seopress_titles_title":"","_seopress_titles_desc":"","_seopress_robots_index":"","_jetpack_memberships_contains_paid_content":false,"footnotes":""},"categories":[6],"tags":[29,10,26,239,11,22,9,241,237,14,238,36,240,17,12],"class_list":["post-975","post","type-post","status-publish","format-standard","hentry","category-a-batons-rompus","tag-beaune","tag-burgundy","tag-chablis","tag-confreries","tag-french-lessons","tag-french-lessons-for-foreigners","tag-french-total-immersion","tag-nuits-saint-georges","tag-paulee","tag-semur-en-auxois","tag-tastevin","tag-tourism","tag-tue-chien","tag-voyage","tag-wines"],"jetpack_featured_media_url":"","jetpack_sharing_enabled":true,"jetpack-related-posts":[],"_links":{"self":[{"href":"https:\/\/la-petite-classe.com\/le-blog-de-la-prof\/wp-json\/wp\/v2\/posts\/975","targetHints":{"allow":["GET"]}}],"collection":[{"href":"https:\/\/la-petite-classe.com\/le-blog-de-la-prof\/wp-json\/wp\/v2\/posts"}],"about":[{"href":"https:\/\/la-petite-classe.com\/le-blog-de-la-prof\/wp-json\/wp\/v2\/types\/post"}],"author":[{"embeddable":true,"href":"https:\/\/la-petite-classe.com\/le-blog-de-la-prof\/wp-json\/wp\/v2\/users\/1"}],"replies":[{"embeddable":true,"href":"https:\/\/la-petite-classe.com\/le-blog-de-la-prof\/wp-json\/wp\/v2\/comments?post=975"}],"version-history":[{"count":2,"href":"https:\/\/la-petite-classe.com\/le-blog-de-la-prof\/wp-json\/wp\/v2\/posts\/975\/revisions"}],"predecessor-version":[{"id":987,"href":"https:\/\/la-petite-classe.com\/le-blog-de-la-prof\/wp-json\/wp\/v2\/posts\/975\/revisions\/987"}],"wp:attachment":[{"href":"https:\/\/la-petite-classe.com\/le-blog-de-la-prof\/wp-json\/wp\/v2\/media?parent=975"}],"wp:term":[{"taxonomy":"category","embeddable":true,"href":"https:\/\/la-petite-classe.com\/le-blog-de-la-prof\/wp-json\/wp\/v2\/categories?post=975"},{"taxonomy":"post_tag","embeddable":true,"href":"https:\/\/la-petite-classe.com\/le-blog-de-la-prof\/wp-json\/wp\/v2\/tags?post=975"}],"curies":[{"name":"wp","href":"https:\/\/api.w.org\/{rel}","templated":true}]}}