{"id":904,"date":"2022-04-28T15:38:34","date_gmt":"2022-04-28T13:38:34","guid":{"rendered":"https:\/\/la-petite-classe.com\/le-blog-de-la-prof\/?p=904"},"modified":"2022-04-28T15:38:35","modified_gmt":"2022-04-28T13:38:35","slug":"la-langue-francaise-est-un-tresor-humaniste-dont-chacun-peut-semparer","status":"publish","type":"post","link":"https:\/\/la-petite-classe.com\/le-blog-de-la-prof\/la-langue-francaise-est-un-tresor-humaniste-dont-chacun-peut-semparer\/","title":{"rendered":"\u00ab\u00a0La langue fran\u00e7aise est un tr\u00e9sor humaniste dont chacun peut s\u2019emparer..\u00a0\u00bb"},"content":{"rendered":"\n<div class=\"wp-block-image\"><figure class=\"aligncenter size-large\"><img data-recalc-dims=\"1\" loading=\"lazy\" decoding=\"async\" width=\"792\" height=\"592\" src=\"https:\/\/i0.wp.com\/la-petite-classe.com\/le-blog-de-la-prof\/wp-content\/uploads\/sites\/2\/2022\/04\/image-2.jpeg?resize=792%2C592&#038;ssl=1\" alt=\"\" class=\"wp-image-910\" srcset=\"https:\/\/i0.wp.com\/la-petite-classe.com\/le-blog-de-la-prof\/wp-content\/uploads\/sites\/2\/2022\/04\/image-2.jpeg?resize=1024%2C766&amp;ssl=1 1024w, https:\/\/i0.wp.com\/la-petite-classe.com\/le-blog-de-la-prof\/wp-content\/uploads\/sites\/2\/2022\/04\/image-2.jpeg?resize=300%2C224&amp;ssl=1 300w, https:\/\/i0.wp.com\/la-petite-classe.com\/le-blog-de-la-prof\/wp-content\/uploads\/sites\/2\/2022\/04\/image-2.jpeg?resize=768%2C574&amp;ssl=1 768w, https:\/\/i0.wp.com\/la-petite-classe.com\/le-blog-de-la-prof\/wp-content\/uploads\/sites\/2\/2022\/04\/image-2.jpeg?resize=1536%2C1149&amp;ssl=1 1536w, https:\/\/i0.wp.com\/la-petite-classe.com\/le-blog-de-la-prof\/wp-content\/uploads\/sites\/2\/2022\/04\/image-2.jpeg?w=1693&amp;ssl=1 1693w\" sizes=\"auto, (max-width: 792px) 100vw, 792px\" \/><\/figure><\/div>\n\n\n\n<h2 class=\"has-text-align-center wp-block-heading\" id=\"magie-de-la-langue-francaise\"><strong>Magie de la langue fran\u00e7aise !<\/strong>\u00a0<\/h2>\n\n\n\n<p class=\"has-text-align-center\">\u00ab\u00a0C\u2019est un patrimoine de l\u2019humanit\u00e9, qui n\u2019est pas r\u00e9serv\u00e9 au seul locuteur fran\u00e7ais.\u00a0<br>C\u2019est \u00e7a qui est formidable dans une langue. Ce n\u2019est la propri\u00e9t\u00e9 de personne\u00a0\u00bb Akira MIZUBAYASHI<\/p>\n\n\n\n<p class=\"has-text-align-center\">Mais elle peut \u00eatre une v\u00e9ritable casse-t\u00eate lorsque l\u2019on ne la ma\u00eetrise pas compl\u00e8tement\u2026<br>m\u00eame pour les francophones\u00a0\ud83d\ude09<\/p>\n\n\n\n<p>En voici quelques exemples:<\/p>\n\n\n\n<h2 class=\"has-text-align-center wp-block-heading\" id=\"jeux-de-mots\"><strong>Jeux de mots&nbsp;<\/strong><\/h2>\n\n\n\n<p>Les probl\u00e8mes des boulangers sont croissants.\u00a0<br>Alors que les bouchers veulent d\u00e9fendre leur beefsteak, les \u00e9leveurs de volailles se font plumer, les \u00e9leveurs de chiens sont aux abois, les p\u00eacheurs haussent le ton ! Et bien s\u00fbr, les c\u00e9r\u00e9aliers sont \u00ab\u00a0sur la paille\u00a0\u00bb.\u00a0<br>Par ailleurs, alors que les brasseurs sont sous pression, les viticulteurs trinquent .\u00a0<br>Heureusement, les \u00e9lectriciens r\u00e9sistent. Mais pour les couvreurs, c&rsquo;est la tuile et certains plombiers prennent carr\u00e9ment la fuite. Dans l&rsquo;industrie automobile, les salari\u00e9s d\u00e9brayent, dans l&rsquo;espoir que la direction fasse marche arri\u00e8re.\u00a0<br>Chez EDF, les syndicats sont sous tension, mais la direction ne semble pas au courant.\u00a0<br>Les cheminots voudraient garder leur train de vie, mais la crise est arriv\u00e9e sans crier gare, alors &#8230;\u00a0<br>Les veilleurs de nuit, eux, vivent au jour le jour.\u00a0<br>Pendant que les p\u00e9dicures travaillent d&rsquo;arrache-pied, les croupiers jouent le tout pour le tout, les dessinateurs font grise mine, les militaires partent en retraite, les imprimeurs d\u00e9priment et les m\u00e9t\u00e9orologistes sont en d\u00e9pression.<\/p>\n\n\n\n<p class=\"has-text-align-left\">C\u2019est vraiment une mauvaise passe et cerise sur le g\u00e2teau, m\u00eame les maisons sont closes.\u00a0<\/p>\n\n\n\n<div class=\"wp-block-image\"><figure class=\"aligncenter size-full\"><img data-recalc-dims=\"1\" loading=\"lazy\" decoding=\"async\" width=\"700\" height=\"350\" src=\"https:\/\/i0.wp.com\/la-petite-classe.com\/le-blog-de-la-prof\/wp-content\/uploads\/sites\/2\/2022\/04\/image.png?resize=700%2C350&#038;ssl=1\" alt=\"\" class=\"wp-image-906\" srcset=\"https:\/\/i0.wp.com\/la-petite-classe.com\/le-blog-de-la-prof\/wp-content\/uploads\/sites\/2\/2022\/04\/image.png?w=700&amp;ssl=1 700w, https:\/\/i0.wp.com\/la-petite-classe.com\/le-blog-de-la-prof\/wp-content\/uploads\/sites\/2\/2022\/04\/image.png?resize=300%2C150&amp;ssl=1 300w\" sizes=\"auto, (max-width: 700px) 100vw, 700px\" \/><\/figure><\/div>\n\n\n\n<h2 class=\"has-text-align-center wp-block-heading\" id=\"homographes-meme-prononciation-et-sens-different\"><strong>Homographes: m\u00eame prononciation et sens diff\u00e9rent<\/strong><\/h2>\n\n\n\n<ul class=\"wp-block-list\"><li>\u2022 Je ne pense pas qu&rsquo;il faille relever la faille de son raisonnement.<\/li><li>\u2022 Le mousse gratte la mousse de la coque.<\/li><li>\u2022 Tu joues avec ses joues.<\/li><li>\u2022 Un avocat mange un avocat.<\/li><li>\u2022 Un bleu s&rsquo;est fait un bleu.<\/li><li>\u2022 Rose arrose la rose rose.<\/li><li>Je vais d&rsquo;abord te dire qu&rsquo;il est d&rsquo;abord agr\u00e9able.<\/li><li>\u2022 On ne badine pas avec une badine.<\/li><li>\u2022 \u00c0 Calais, je calais ma voiture.<\/li><li>\u2022 Cette dame dame le sol.<\/li><\/ul>\n\n\n\n<figure class=\"wp-block-image size-full\"><img data-recalc-dims=\"1\" loading=\"lazy\" decoding=\"async\" width=\"792\" height=\"970\" src=\"https:\/\/i0.wp.com\/la-petite-classe.com\/le-blog-de-la-prof\/wp-content\/uploads\/sites\/2\/2022\/04\/image-1.jpeg?resize=792%2C970&#038;ssl=1\" alt=\"\" class=\"wp-image-908\" srcset=\"https:\/\/i0.wp.com\/la-petite-classe.com\/le-blog-de-la-prof\/wp-content\/uploads\/sites\/2\/2022\/04\/image-1.jpeg?w=836&amp;ssl=1 836w, https:\/\/i0.wp.com\/la-petite-classe.com\/le-blog-de-la-prof\/wp-content\/uploads\/sites\/2\/2022\/04\/image-1.jpeg?resize=245%2C300&amp;ssl=1 245w, https:\/\/i0.wp.com\/la-petite-classe.com\/le-blog-de-la-prof\/wp-content\/uploads\/sites\/2\/2022\/04\/image-1.jpeg?resize=768%2C941&amp;ssl=1 768w\" sizes=\"auto, (max-width: 792px) 100vw, 792px\" \/><\/figure>\n\n\n\n<div class=\"wp-block-image\"><figure class=\"aligncenter size-full is-resized\"><img data-recalc-dims=\"1\" loading=\"lazy\" decoding=\"async\" src=\"https:\/\/i0.wp.com\/la-petite-classe.com\/le-blog-de-la-prof\/wp-content\/uploads\/sites\/2\/2022\/04\/image.jpeg?resize=692%2C632&#038;ssl=1\" alt=\"\" class=\"wp-image-907\" width=\"692\" height=\"632\" srcset=\"https:\/\/i0.wp.com\/la-petite-classe.com\/le-blog-de-la-prof\/wp-content\/uploads\/sites\/2\/2022\/04\/image.jpeg?w=666&amp;ssl=1 666w, https:\/\/i0.wp.com\/la-petite-classe.com\/le-blog-de-la-prof\/wp-content\/uploads\/sites\/2\/2022\/04\/image.jpeg?resize=300%2C274&amp;ssl=1 300w\" sizes=\"auto, (max-width: 692px) 100vw, 692px\" \/><\/figure><\/div>\n\n\n\n<div style=\"height:38px\" aria-hidden=\"true\" class=\"wp-block-spacer\"><\/div>\n\n\n\n<p class=\"has-text-align-right\"><strong><em>\ud83d\udcd5\ud83d\udcd8\u00a0\u00a0\u00c0 bient\u00f4t !\u2026\u270d\ufe0f\u270d\ufe0f<\/em><\/strong><\/p>\n\n\n<div class=\"kk-star-ratings kksr-auto kksr-align-left kksr-valign-bottom\"\n    data-payload='{&quot;align&quot;:&quot;left&quot;,&quot;id&quot;:&quot;904&quot;,&quot;slug&quot;:&quot;default&quot;,&quot;valign&quot;:&quot;bottom&quot;,&quot;ignore&quot;:&quot;&quot;,&quot;reference&quot;:&quot;auto&quot;,&quot;class&quot;:&quot;&quot;,&quot;count&quot;:&quot;0&quot;,&quot;legendonly&quot;:&quot;&quot;,&quot;readonly&quot;:&quot;&quot;,&quot;score&quot;:&quot;0&quot;,&quot;starsonly&quot;:&quot;&quot;,&quot;best&quot;:&quot;5&quot;,&quot;gap&quot;:&quot;4&quot;,&quot;greet&quot;:&quot;Votez&quot;,&quot;legend&quot;:&quot;0\\\/5 - (0 vote)&quot;,&quot;size&quot;:&quot;18&quot;,&quot;title&quot;:&quot;\\u0026quot;La langue fran\u00e7aise est un tr\u00e9sor humaniste dont chacun peut s\u2019emparer..\\u0026quot;&quot;,&quot;width&quot;:&quot;0&quot;,&quot;_legend&quot;:&quot;{score}\\\/{best} - ({count} {votes})&quot;,&quot;font_factor&quot;:&quot;1.25&quot;}'>\n            \n<div class=\"kksr-stars\">\n    \n<div class=\"kksr-stars-inactive\">\n            <div class=\"kksr-star\" data-star=\"1\" style=\"padding-right: 4px\">\n            \n\n<div class=\"kksr-icon\" style=\"width: 18px; height: 18px;\"><\/div>\n        <\/div>\n            <div class=\"kksr-star\" data-star=\"2\" style=\"padding-right: 4px\">\n            \n\n<div class=\"kksr-icon\" style=\"width: 18px; height: 18px;\"><\/div>\n        <\/div>\n            <div class=\"kksr-star\" data-star=\"3\" style=\"padding-right: 4px\">\n            \n\n<div class=\"kksr-icon\" style=\"width: 18px; height: 18px;\"><\/div>\n        <\/div>\n            <div class=\"kksr-star\" data-star=\"4\" style=\"padding-right: 4px\">\n            \n\n<div class=\"kksr-icon\" style=\"width: 18px; height: 18px;\"><\/div>\n        <\/div>\n            <div class=\"kksr-star\" data-star=\"5\" style=\"padding-right: 4px\">\n            \n\n<div class=\"kksr-icon\" style=\"width: 18px; height: 18px;\"><\/div>\n        <\/div>\n    <\/div>\n    \n<div class=\"kksr-stars-active\" style=\"width: 0px;\">\n            <div class=\"kksr-star\" style=\"padding-right: 4px\">\n            \n\n<div class=\"kksr-icon\" style=\"width: 18px; height: 18px;\"><\/div>\n        <\/div>\n            <div class=\"kksr-star\" style=\"padding-right: 4px\">\n            \n\n<div class=\"kksr-icon\" style=\"width: 18px; height: 18px;\"><\/div>\n        <\/div>\n            <div class=\"kksr-star\" style=\"padding-right: 4px\">\n            \n\n<div class=\"kksr-icon\" style=\"width: 18px; height: 18px;\"><\/div>\n        <\/div>\n            <div class=\"kksr-star\" style=\"padding-right: 4px\">\n            \n\n<div class=\"kksr-icon\" style=\"width: 18px; height: 18px;\"><\/div>\n        <\/div>\n            <div class=\"kksr-star\" style=\"padding-right: 4px\">\n            \n\n<div class=\"kksr-icon\" style=\"width: 18px; height: 18px;\"><\/div>\n        <\/div>\n    <\/div>\n<\/div>\n                \n\n<div class=\"kksr-legend\" style=\"font-size: 14.4px;\">\n            <span class=\"kksr-muted\">Votez<\/span>\n    <\/div>\n    <\/div>\n","protected":false},"excerpt":{"rendered":"<p>Magie de la langue fran\u00e7aise !\u00a0 \u00ab\u00a0C\u2019est un patrimoine de l\u2019humanit\u00e9, qui n\u2019est pas r\u00e9serv\u00e9 au seul locuteur fran\u00e7ais.\u00a0C\u2019est \u00e7a qui est formidable dans une langue. Ce n\u2019est la propri\u00e9t\u00e9 de personne\u00a0\u00bb Akira MIZUBAYASHI Mais elle peut \u00eatre une v\u00e9ritable casse-t\u00eate lorsque l\u2019on ne la ma\u00eetrise pas compl\u00e8tement\u2026m\u00eame pour les francophones\u00a0\ud83d\ude09 En voici quelques exemples: &hellip; <a href=\"https:\/\/la-petite-classe.com\/le-blog-de-la-prof\/la-langue-francaise-est-un-tresor-humaniste-dont-chacun-peut-semparer\/\" class=\"more-link\">Continue reading <span class=\"screen-reader-text\">\u00ab\u00a0La langue fran\u00e7aise est un tr\u00e9sor humaniste dont chacun peut s\u2019emparer..\u00a0\u00bb<\/span><\/a><\/p>\n","protected":false},"author":1,"featured_media":0,"comment_status":"open","ping_status":"open","sticky":false,"template":"","format":"standard","meta":{"_seopress_robots_primary_cat":"none","_seopress_titles_title":"","_seopress_titles_desc":"","_seopress_robots_index":"","_jetpack_memberships_contains_paid_content":false,"footnotes":""},"categories":[6],"tags":[10,211,11,22,118,9,208,209,207,14,73,36,17,210],"class_list":["post-904","post","type-post","status-publish","format-standard","hentry","category-a-batons-rompus","tag-burgundy","tag-esprit-francais","tag-french-lessons","tag-french-lessons-for-foreigners","tag-french-online","tag-french-total-immersion","tag-homographe","tag-humanisme","tag-jeux-de-mots","tag-semur-en-auxois","tag-total-immersion","tag-tourism","tag-voyage","tag-voyelles"],"jetpack_featured_media_url":"","jetpack_sharing_enabled":true,"jetpack-related-posts":[],"_links":{"self":[{"href":"https:\/\/la-petite-classe.com\/le-blog-de-la-prof\/wp-json\/wp\/v2\/posts\/904","targetHints":{"allow":["GET"]}}],"collection":[{"href":"https:\/\/la-petite-classe.com\/le-blog-de-la-prof\/wp-json\/wp\/v2\/posts"}],"about":[{"href":"https:\/\/la-petite-classe.com\/le-blog-de-la-prof\/wp-json\/wp\/v2\/types\/post"}],"author":[{"embeddable":true,"href":"https:\/\/la-petite-classe.com\/le-blog-de-la-prof\/wp-json\/wp\/v2\/users\/1"}],"replies":[{"embeddable":true,"href":"https:\/\/la-petite-classe.com\/le-blog-de-la-prof\/wp-json\/wp\/v2\/comments?post=904"}],"version-history":[{"count":3,"href":"https:\/\/la-petite-classe.com\/le-blog-de-la-prof\/wp-json\/wp\/v2\/posts\/904\/revisions"}],"predecessor-version":[{"id":912,"href":"https:\/\/la-petite-classe.com\/le-blog-de-la-prof\/wp-json\/wp\/v2\/posts\/904\/revisions\/912"}],"wp:attachment":[{"href":"https:\/\/la-petite-classe.com\/le-blog-de-la-prof\/wp-json\/wp\/v2\/media?parent=904"}],"wp:term":[{"taxonomy":"category","embeddable":true,"href":"https:\/\/la-petite-classe.com\/le-blog-de-la-prof\/wp-json\/wp\/v2\/categories?post=904"},{"taxonomy":"post_tag","embeddable":true,"href":"https:\/\/la-petite-classe.com\/le-blog-de-la-prof\/wp-json\/wp\/v2\/tags?post=904"}],"curies":[{"name":"wp","href":"https:\/\/api.w.org\/{rel}","templated":true}]}}