{"id":783,"date":"2021-12-09T15:42:26","date_gmt":"2021-12-09T14:42:26","guid":{"rendered":"https:\/\/la-petite-classe.com\/le-blog-de-la-prof\/?p=783"},"modified":"2021-12-09T15:42:27","modified_gmt":"2021-12-09T14:42:27","slug":"legende-de-la-chouette-de-dijon","status":"publish","type":"post","link":"https:\/\/la-petite-classe.com\/le-blog-de-la-prof\/legende-de-la-chouette-de-dijon\/","title":{"rendered":"L\u00e9gende de la chouette de Dijon"},"content":{"rendered":"\n<figure class=\"wp-block-image size-full\"><img data-recalc-dims=\"1\" loading=\"lazy\" decoding=\"async\" width=\"701\" height=\"390\" src=\"https:\/\/i0.wp.com\/la-petite-classe.com\/le-blog-de-la-prof\/wp-content\/uploads\/sites\/2\/2021\/12\/AB39A49A-738F-4EBE-BC20-0DC03E551B10.jpeg?resize=701%2C390&#038;ssl=1\" alt=\"\" class=\"wp-image-786\" srcset=\"https:\/\/i0.wp.com\/la-petite-classe.com\/le-blog-de-la-prof\/wp-content\/uploads\/sites\/2\/2021\/12\/AB39A49A-738F-4EBE-BC20-0DC03E551B10.jpeg?w=701&amp;ssl=1 701w, https:\/\/i0.wp.com\/la-petite-classe.com\/le-blog-de-la-prof\/wp-content\/uploads\/sites\/2\/2021\/12\/AB39A49A-738F-4EBE-BC20-0DC03E551B10.jpeg?resize=300%2C167&amp;ssl=1 300w\" sizes=\"auto, (max-width: 701px) 100vw, 701px\" \/><\/figure>\n\n\n\n<h2 class=\"has-text-align-center wp-block-heading\"><strong>La chouette de Dijon a 600 ans.&nbsp;<\/strong><\/h2>\n\n\n\n<p><strong>Elle repr\u00e9sente l\u2019incarnation de l\u2019Esprit Saint et fait r\u00e9f\u00e9rence \u00e0 un \u00e9v\u00e9nement pr\u00e9cis survenu \u00e0 Rome au d\u00e9but du XVeme si\u00e8cle.<\/strong><\/p>\n\n\n\n<p><strong>Mais ce n\u2019est que depuis 1677 qu\u2019elle \u00ab\u00a0porte bonheur\u00a0\u00bb, <\/strong><br><strong>suite \u00e0 un \u00e9v\u00e9nement surnature<\/strong>l\u2026<a href=\"http:\/\/valduprod.com\/chouette\/\">  valduprod.com\/chouette\/<\/a><\/p>\n\n\n\n<p>Nich\u00e9e dans un recoin de l\u2019\u00e9glise Notre-Dame \u00e0 Dijon, la petite chouette r\u00e9jouit touristes et dijonnais.&nbsp;<\/p>\n\n\n\n<p>La l\u00e9gende rapporte que si nous caressons cette chouette de la main gauche, nous verrons se r\u00e9aliser tr\u00e8s vite le v\u0153u qui nous est le plus cher.&nbsp;<\/p>\n\n\n\n<p>Voici donc l\u2019histoire d\u2019un petit oiseau qui, au fil des si\u00e8cles, est devenu l\u2019embl\u00e8me de la ville.<\/p>\n\n\n\n<h2 class=\"has-text-align-center wp-block-heading\">L\u2019architecte et la chouette<\/h2>\n\n\n\n<p>A l\u2019aube du XIIIe si\u00e8cle, on ordonna \u00e0 un tr\u00e8s jeune architecte de concevoir une \u00e9glise dans la capitale bourguignonne. Celui-ci, tr\u00e8s fier de la mission qu\u2019on venait de lui confier, se h\u00e2ta de se rendre \u00e0 Dijon, la t\u00eate pleine de projets, tous plus ambitieux les uns que les autres.<\/p>\n\n\n\n<p>Comme il atteignait les portes de la ville, il aper\u00e7ut, au milieu d\u2019un chemin, une petite boule de plumes. Il fit arr\u00eater les chevaux qui conduisaient son chariot, puis s\u2019approcha de l\u2019oiseau avec l\u2019intention de le d\u00e9tourner de la route afin de lui offrir une s\u00e9pulture de mousse.&nbsp;<\/p>\n\n\n\n<p>Quelle ne fut pas sa surprise quand il constata qu\u2019il s\u2019agissait d\u2019une chouette qui, bien qu\u2019inerte, \u00e9tait toujours vivante ! En effet, couch\u00e9e sur le dos, elle le regardait avec des yeux suppliants, le priant de mettre fin \u00e0 ses souffrances.<\/p>\n\n\n\n<p>L\u2019architecte, un homme de c\u0153ur, d\u00e9cida alors de l\u2019emmener avec lui, se jurant de faire ce qui serait en son pouvoir pour la soigner. En arrivant \u00e0 l\u2019emplacement du futur chantier, il l\u2019installa dans sa baraque, improvisant pour sa petite compagne le nid le plus douillet qui soit.&nbsp;<\/p>\n\n\n\n<p>Tout le jour, il travaillait tr\u00e8s dur sur les plans de l\u2019\u00e9difice religieux qu\u2019on lui avait command\u00e9, mais le soir, il \u00e9tait heureux de retrouver la chouette qui, au fil du temps, reprenait des forces.<\/p>\n\n\n\n<p>Un jour, elle fut compl\u00e8tement gu\u00e9rie.<\/p>\n\n\n\n<p>\u00ab\u00a0Petite chouette, dit l\u2019architecte, \u00e9mu aux larmes, il est temps pour toi de recouvrer la libert\u00e9. Tu vas beaucoup me manquer, certes, mais je ne veux pas t\u2019emprisonner.&nbsp;<\/p>\n\n\n\n<p>La libert\u00e9 est pr\u00e9cieuse et l\u2019existence br\u00e8ve.&nbsp;<\/p>\n\n\n\n<p>Adieu donc !<\/p>\n\n\n\n<p>Envole-toi vers de beaux horizons et prends garde \u00e0 toi cette fois !<\/p>\n\n\n\n<figure class=\"wp-block-image size-full\"><img data-recalc-dims=\"1\" loading=\"lazy\" decoding=\"async\" width=\"720\" height=\"606\" src=\"https:\/\/i0.wp.com\/la-petite-classe.com\/le-blog-de-la-prof\/wp-content\/uploads\/sites\/2\/2021\/12\/image-1.jpeg?resize=720%2C606&#038;ssl=1\" alt=\"\" class=\"wp-image-787\" srcset=\"https:\/\/i0.wp.com\/la-petite-classe.com\/le-blog-de-la-prof\/wp-content\/uploads\/sites\/2\/2021\/12\/image-1.jpeg?w=720&amp;ssl=1 720w, https:\/\/i0.wp.com\/la-petite-classe.com\/le-blog-de-la-prof\/wp-content\/uploads\/sites\/2\/2021\/12\/image-1.jpeg?resize=300%2C253&amp;ssl=1 300w\" sizes=\"auto, (max-width: 720px) 100vw, 720px\" \/><\/figure>\n\n\n\n<p>L\u2019oiseau sur son \u00e9paule, il sortit de la baraque. Mais la chouette ne prit pas son envol. Au contraire, elle agrippait de ses serres l\u2019\u00e9paule de son sauveur. Enfin, convaincue sans doute, elle d\u00e9ploya ses ailes, puis disparut dans le ciel.<\/p>\n\n\n\n<p>Ce soir-l\u00e0, lorsqu\u2019il rentra du chantier, l\u2019architecte ne put retenir un cri d\u2019\u00e9tonnement. Son amie \u00e9tait revenue! Voletant autour de la cabane, elle l\u2019attendait.&nbsp;<\/p>\n\n\n\n<p>Le jeune homme comprit que l\u2019oiseau ne voulait plus le quitter et il en fut ravi. C\u2019\u00e9tait un vrai bonheur de partager son temps entre la construction de l\u2019\u00e9glise et l\u2019adorable petite chouette.&nbsp;<\/p>\n\n\n\n<p>Arriva le moment o\u00f9 il dut se consacrer \u00e0 l\u2019\u00e9laboration des gargouilles.&nbsp;<\/p>\n\n\n\n<p>En effet, celles-ci devaient repr\u00e9senter les vices des hommes afin, justement, de les en \u00e9loigner lorsqu\u2019ils passeraient devant les b\u00eates monstrueuses.<\/p>\n\n\n\n<p>Il faut montrer pour corriger, disaient les \u00e9diles.<\/p>\n\n\n\n<p>M\u00eame s\u2019il n\u2019avait pas le choix, notre architecte demeurait perplexe.&nbsp;<\/p>\n\n\n\n<p>Comment repr\u00e9senter des vices quand on est aussi jeune et que l\u2019on ne conna\u00eet pas la vie, que l\u2019on n\u2019a pas encore eu de peine d\u2019amour, que l\u2019on n\u2019a pas encore \u00e9t\u00e9 victime de trahison, que l\u2019on n\u2019a pas soi-m\u00eame trahi ? De plus, on lui demandait de d\u00e9corer les piliers avec des plantes propres \u00e0 la r\u00e9gion et lui qui venait d\u2019une tr\u00e8s lointaine province de France, ignorait la forme de ces plantes, les caract\u00e9ristiques de leurs feuilles, la couleur de leurs p\u00e9tales.&nbsp;<\/p>\n\n\n\n<p>Proche du d\u00e9sespoir, il restait l\u00e0, la t\u00eate enfouie dans ses mains, ne sachant que faire, alors que le temps pressait\u2026<\/p>\n\n\n\n<p>La chouette, devinant les pr\u00e9occupations de son ami, d\u00e9cida donc de l\u2019aider du mieux qu\u2019elle le pourrait.&nbsp;<\/p>\n\n\n\n<p>Jour et nuit, elle parcourut Dijon, observant ses habitants.\u00a0<\/p>\n\n\n\n<figure class=\"wp-block-image size-large\"><img data-recalc-dims=\"1\" loading=\"lazy\" decoding=\"async\" width=\"792\" height=\"495\" src=\"https:\/\/i0.wp.com\/la-petite-classe.com\/le-blog-de-la-prof\/wp-content\/uploads\/sites\/2\/2021\/12\/image-2.jpeg?resize=792%2C495&#038;ssl=1\" alt=\"\" class=\"wp-image-788\" srcset=\"https:\/\/i0.wp.com\/la-petite-classe.com\/le-blog-de-la-prof\/wp-content\/uploads\/sites\/2\/2021\/12\/image-2.jpeg?resize=1024%2C640&amp;ssl=1 1024w, https:\/\/i0.wp.com\/la-petite-classe.com\/le-blog-de-la-prof\/wp-content\/uploads\/sites\/2\/2021\/12\/image-2.jpeg?resize=300%2C188&amp;ssl=1 300w, https:\/\/i0.wp.com\/la-petite-classe.com\/le-blog-de-la-prof\/wp-content\/uploads\/sites\/2\/2021\/12\/image-2.jpeg?resize=768%2C480&amp;ssl=1 768w, https:\/\/i0.wp.com\/la-petite-classe.com\/le-blog-de-la-prof\/wp-content\/uploads\/sites\/2\/2021\/12\/image-2.jpeg?resize=1536%2C960&amp;ssl=1 1536w, https:\/\/i0.wp.com\/la-petite-classe.com\/le-blog-de-la-prof\/wp-content\/uploads\/sites\/2\/2021\/12\/image-2.jpeg?w=1688&amp;ssl=1 1688w\" sizes=\"auto, (max-width: 792px) 100vw, 792px\" \/><\/figure>\n\n\n\n<p>Sans rel\u00e2che, elle \u00e9coutait aux portes des h\u00f4tels particuliers, se cachait dans les masures, p\u00e9n\u00e9trait dans les auberges\u2026Chaque soir, elle regagnait la baraque de l\u2019architecte et, agitant son bec, elle lui montrait comme elle le pouvait les m\u0153urs des Dijonnais, tentant de d\u00e9crire leurs vices. Parfois, elle passait la journ\u00e9e dans les parcs pour lui ramener les plantes qu\u2019elle trouvait. Ainsi, son ami put enfin poursuivre son ouvrage. Les \u00e9diles, ravis, le f\u00e9licit\u00e8rent. Bient\u00f4t, la construction de Notre-Dame fut achev\u00e9e et l\u2019on fixa la date de son inauguration.<\/p>\n\n\n\n<p>L\u2019architecte, aux anges, se h\u00e2ta de regagner sa baraque afin de partager son bonheur avec son petit oiseau.<\/p>\n\n\n\n<p>\u00ab\u00a0Je veux que tu sois \u00e0 mes c\u00f4t\u00e9s pour le grand jour !\u00a0\u00bb lui cria-t-il en entrant.<\/p>\n\n\n\n<p>Mais aucun son ne r\u00e9pondit \u00e0 son appel. Pas un bruit. Juste le silence. D\u2019habitude, lorsqu\u2019il rentrait, l\u2019oiseau se pr\u00e9cipitait sur son \u00e9paule, tout heureux de le retrouver. Fou d\u2019angoisse, il p\u00e9n\u00e9tra dans la pi\u00e8ce. H\u00e9las ! Comme il le pressentait, sa petite compagne gisait sur le sol. Sans doute tr\u00e8s \u00e2g\u00e9e d\u00e9j\u00e0, elle venait de mourir de vieillesse et d\u2019\u00e9puisement.<\/p>\n\n\n\n<p>Fou de chagrin, l\u2019architecte s\u2019\u00e9tendit \u00e0 c\u00f4t\u00e9 d\u2019elle sur le sol et pleura toutes les larmes de son corps. Quand il parvint \u00e0 se relever, la nuit \u00e9tait tomb\u00e9e depuis longtemps d\u00e9j\u00e0. Il fabriqua un petit cercueil en bois o\u00f9 il d\u00e9posa le pr\u00e9cieux animal puis il sortit.&nbsp;<\/p>\n\n\n\n<p>Il creusa un trou dans l\u2019un des coins secrets de l\u2019\u00e9glise et y enferma le cercueil. Ensuite, il sculpta dans la pierre une chouette semblable \u00e0 celle qu\u2019il venait d\u2019emmurer.&nbsp;<\/p>\n\n\n\n<h2 class=\"has-text-align-center wp-block-heading\">\u00ab\u00a0Adieu, belle amie\u00a0\u00bb dit-il d\u2019une voix tremblante d\u2019\u00e9motion.<\/h2>\n\n\n\n<p>Puis, sans se soucier de l\u2019inauguration, il partit sans se retourner et quitta la ville. On ne le revit plus jamais.<\/p>\n\n\n\n<div class=\"wp-block-image\"><figure class=\"aligncenter size-full\"><img data-recalc-dims=\"1\" loading=\"lazy\" decoding=\"async\" width=\"640\" height=\"464\" src=\"https:\/\/i0.wp.com\/la-petite-classe.com\/le-blog-de-la-prof\/wp-content\/uploads\/sites\/2\/2021\/12\/D97A4957-EF58-47E6-8DF9-6D72DE1419E2.jpeg?resize=640%2C464&#038;ssl=1\" alt=\"\" class=\"wp-image-789\" srcset=\"https:\/\/i0.wp.com\/la-petite-classe.com\/le-blog-de-la-prof\/wp-content\/uploads\/sites\/2\/2021\/12\/D97A4957-EF58-47E6-8DF9-6D72DE1419E2.jpeg?w=640&amp;ssl=1 640w, https:\/\/i0.wp.com\/la-petite-classe.com\/le-blog-de-la-prof\/wp-content\/uploads\/sites\/2\/2021\/12\/D97A4957-EF58-47E6-8DF9-6D72DE1419E2.jpeg?resize=300%2C218&amp;ssl=1 300w\" sizes=\"auto, (max-width: 640px) 100vw, 640px\" \/><\/figure><\/div>\n\n\n\n<p><a href=\"https:\/\/youtu.be\/bnuN-gWjjfE\" target=\"_blank\" rel=\"noreferrer noopener\">La Chouette de Dijon ~ Tradition Pa\u00efenne, Croyances et Spectre ~ Voyages au C\u0153ur de l&rsquo;\u00c9trange<\/a><\/p>\n\n\n\n<div style=\"height:39px\" aria-hidden=\"true\" class=\"wp-block-spacer\"><\/div>\n\n\n\n<div class=\"wp-block-columns is-layout-flex wp-container-core-columns-is-layout-9d6595d7 wp-block-columns-is-layout-flex\">\n<div class=\"wp-block-column is-layout-flow wp-block-column-is-layout-flow\" style=\"flex-basis:70px\">\n<div class=\"wp-block-image\"><figure class=\"aligncenter size-full\"><img data-recalc-dims=\"1\" loading=\"lazy\" decoding=\"async\" width=\"143\" height=\"156\" src=\"https:\/\/i0.wp.com\/la-petite-classe.com\/le-blog-de-la-prof\/wp-content\/uploads\/sites\/2\/2021\/12\/image.png?resize=143%2C156&#038;ssl=1\" alt=\"\" class=\"wp-image-785\"\/><\/figure><\/div>\n<\/div>\n\n\n\n<div class=\"wp-block-column is-vertically-aligned-center is-layout-flow wp-block-column-is-layout-flow\" style=\"flex-basis:66.66%\">\n<p class=\"has-large-font-size\">\u00c0 bient\u00f4t !\u2026.\ud83e\udd89\ud83e\udd89<\/p>\n<\/div>\n<\/div>\n\n\n\n<p><a href=\"https:\/\/youtu.be\/bnuN-gWjjfE\"><\/a><\/p>\n\n\n<div class=\"kk-star-ratings kksr-auto kksr-align-left kksr-valign-bottom\"\n    data-payload='{&quot;align&quot;:&quot;left&quot;,&quot;id&quot;:&quot;783&quot;,&quot;slug&quot;:&quot;default&quot;,&quot;valign&quot;:&quot;bottom&quot;,&quot;ignore&quot;:&quot;&quot;,&quot;reference&quot;:&quot;auto&quot;,&quot;class&quot;:&quot;&quot;,&quot;count&quot;:&quot;0&quot;,&quot;legendonly&quot;:&quot;&quot;,&quot;readonly&quot;:&quot;&quot;,&quot;score&quot;:&quot;0&quot;,&quot;starsonly&quot;:&quot;&quot;,&quot;best&quot;:&quot;5&quot;,&quot;gap&quot;:&quot;4&quot;,&quot;greet&quot;:&quot;Votez&quot;,&quot;legend&quot;:&quot;0\\\/5 - (0 vote)&quot;,&quot;size&quot;:&quot;18&quot;,&quot;title&quot;:&quot;L\u00e9gende de la chouette de Dijon&quot;,&quot;width&quot;:&quot;0&quot;,&quot;_legend&quot;:&quot;{score}\\\/{best} - ({count} {votes})&quot;,&quot;font_factor&quot;:&quot;1.25&quot;}'>\n            \n<div class=\"kksr-stars\">\n    \n<div class=\"kksr-stars-inactive\">\n            <div class=\"kksr-star\" data-star=\"1\" style=\"padding-right: 4px\">\n            \n\n<div class=\"kksr-icon\" style=\"width: 18px; height: 18px;\"><\/div>\n        <\/div>\n            <div class=\"kksr-star\" data-star=\"2\" style=\"padding-right: 4px\">\n            \n\n<div class=\"kksr-icon\" style=\"width: 18px; height: 18px;\"><\/div>\n        <\/div>\n            <div class=\"kksr-star\" data-star=\"3\" style=\"padding-right: 4px\">\n            \n\n<div class=\"kksr-icon\" style=\"width: 18px; height: 18px;\"><\/div>\n        <\/div>\n            <div class=\"kksr-star\" data-star=\"4\" style=\"padding-right: 4px\">\n            \n\n<div class=\"kksr-icon\" style=\"width: 18px; height: 18px;\"><\/div>\n        <\/div>\n            <div class=\"kksr-star\" data-star=\"5\" style=\"padding-right: 4px\">\n            \n\n<div class=\"kksr-icon\" style=\"width: 18px; height: 18px;\"><\/div>\n        <\/div>\n    <\/div>\n    \n<div class=\"kksr-stars-active\" style=\"width: 0px;\">\n            <div class=\"kksr-star\" style=\"padding-right: 4px\">\n            \n\n<div class=\"kksr-icon\" style=\"width: 18px; height: 18px;\"><\/div>\n        <\/div>\n            <div class=\"kksr-star\" style=\"padding-right: 4px\">\n            \n\n<div class=\"kksr-icon\" style=\"width: 18px; height: 18px;\"><\/div>\n        <\/div>\n            <div class=\"kksr-star\" style=\"padding-right: 4px\">\n            \n\n<div class=\"kksr-icon\" style=\"width: 18px; height: 18px;\"><\/div>\n        <\/div>\n            <div class=\"kksr-star\" style=\"padding-right: 4px\">\n            \n\n<div class=\"kksr-icon\" style=\"width: 18px; height: 18px;\"><\/div>\n        <\/div>\n            <div class=\"kksr-star\" style=\"padding-right: 4px\">\n            \n\n<div class=\"kksr-icon\" style=\"width: 18px; height: 18px;\"><\/div>\n        <\/div>\n    <\/div>\n<\/div>\n                \n\n<div class=\"kksr-legend\" style=\"font-size: 14.4px;\">\n            <span class=\"kksr-muted\">Votez<\/span>\n    <\/div>\n    <\/div>\n","protected":false},"excerpt":{"rendered":"<p>La chouette de Dijon a 600 ans.&nbsp; Elle repr\u00e9sente l\u2019incarnation de l\u2019Esprit Saint et fait r\u00e9f\u00e9rence \u00e0 un \u00e9v\u00e9nement pr\u00e9cis survenu \u00e0 Rome au d\u00e9but du XVeme si\u00e8cle. Mais ce n\u2019est que depuis 1677 qu\u2019elle \u00ab\u00a0porte bonheur\u00a0\u00bb, suite \u00e0 un \u00e9v\u00e9nement surnaturel\u2026 valduprod.com\/chouette\/ Nich\u00e9e dans un recoin de l\u2019\u00e9glise Notre-Dame \u00e0 Dijon, la petite chouette &hellip; <a href=\"https:\/\/la-petite-classe.com\/le-blog-de-la-prof\/legende-de-la-chouette-de-dijon\/\" class=\"more-link\">Continue reading <span class=\"screen-reader-text\">L\u00e9gende de la chouette de Dijon<\/span><\/a><\/p>\n","protected":false},"author":1,"featured_media":0,"comment_status":"open","ping_status":"open","sticky":false,"template":"","format":"standard","meta":{"_seopress_robots_primary_cat":"none","_seopress_titles_title":"","_seopress_titles_desc":"","_seopress_robots_index":"","_jetpack_memberships_contains_paid_content":false,"footnotes":""},"categories":[6,8],"tags":[10,177,178,118,9,180,179,181],"class_list":["post-783","post","type-post","status-publish","format-standard","hentry","category-a-batons-rompus","category-la-bourgogne","tag-burgundy","tag-chouette","tag-dijon","tag-french-online","tag-french-total-immersion","tag-history","tag-legende-2","tag-moyen-age"],"jetpack_featured_media_url":"","jetpack_sharing_enabled":true,"jetpack-related-posts":[],"_links":{"self":[{"href":"https:\/\/la-petite-classe.com\/le-blog-de-la-prof\/wp-json\/wp\/v2\/posts\/783","targetHints":{"allow":["GET"]}}],"collection":[{"href":"https:\/\/la-petite-classe.com\/le-blog-de-la-prof\/wp-json\/wp\/v2\/posts"}],"about":[{"href":"https:\/\/la-petite-classe.com\/le-blog-de-la-prof\/wp-json\/wp\/v2\/types\/post"}],"author":[{"embeddable":true,"href":"https:\/\/la-petite-classe.com\/le-blog-de-la-prof\/wp-json\/wp\/v2\/users\/1"}],"replies":[{"embeddable":true,"href":"https:\/\/la-petite-classe.com\/le-blog-de-la-prof\/wp-json\/wp\/v2\/comments?post=783"}],"version-history":[{"count":2,"href":"https:\/\/la-petite-classe.com\/le-blog-de-la-prof\/wp-json\/wp\/v2\/posts\/783\/revisions"}],"predecessor-version":[{"id":791,"href":"https:\/\/la-petite-classe.com\/le-blog-de-la-prof\/wp-json\/wp\/v2\/posts\/783\/revisions\/791"}],"wp:attachment":[{"href":"https:\/\/la-petite-classe.com\/le-blog-de-la-prof\/wp-json\/wp\/v2\/media?parent=783"}],"wp:term":[{"taxonomy":"category","embeddable":true,"href":"https:\/\/la-petite-classe.com\/le-blog-de-la-prof\/wp-json\/wp\/v2\/categories?post=783"},{"taxonomy":"post_tag","embeddable":true,"href":"https:\/\/la-petite-classe.com\/le-blog-de-la-prof\/wp-json\/wp\/v2\/tags?post=783"}],"curies":[{"name":"wp","href":"https:\/\/api.w.org\/{rel}","templated":true}]}}