{"id":752,"date":"2021-10-28T15:29:56","date_gmt":"2021-10-28T13:29:56","guid":{"rendered":"https:\/\/la-petite-classe.com\/le-blog-de-la-prof\/?p=752"},"modified":"2021-10-28T15:29:57","modified_gmt":"2021-10-28T13:29:57","slug":"ce-nest-pas-la-destination-mais-la-route-qui-compte-proverbe-gitan","status":"publish","type":"post","link":"https:\/\/la-petite-classe.com\/le-blog-de-la-prof\/ce-nest-pas-la-destination-mais-la-route-qui-compte-proverbe-gitan\/","title":{"rendered":"\u00ab\u00a0Ce n\u2019est pas la destination mais la route qui compte\u00a0\u00bb (proverbe gitan)"},"content":{"rendered":"\n<figure class=\"wp-block-image size-large\"><img data-recalc-dims=\"1\" loading=\"lazy\" decoding=\"async\" width=\"792\" height=\"405\" src=\"https:\/\/i0.wp.com\/la-petite-classe.com\/le-blog-de-la-prof\/wp-content\/uploads\/sites\/2\/2021\/10\/4307B6E0-1FA6-4D5C-9423-87B4EC977962.jpeg?resize=792%2C405&#038;ssl=1\" alt=\"\" class=\"wp-image-754\" srcset=\"https:\/\/i0.wp.com\/la-petite-classe.com\/le-blog-de-la-prof\/wp-content\/uploads\/sites\/2\/2021\/10\/4307B6E0-1FA6-4D5C-9423-87B4EC977962.jpeg?resize=1024%2C523&amp;ssl=1 1024w, https:\/\/i0.wp.com\/la-petite-classe.com\/le-blog-de-la-prof\/wp-content\/uploads\/sites\/2\/2021\/10\/4307B6E0-1FA6-4D5C-9423-87B4EC977962.jpeg?resize=300%2C153&amp;ssl=1 300w, https:\/\/i0.wp.com\/la-petite-classe.com\/le-blog-de-la-prof\/wp-content\/uploads\/sites\/2\/2021\/10\/4307B6E0-1FA6-4D5C-9423-87B4EC977962.jpeg?resize=768%2C393&amp;ssl=1 768w, https:\/\/i0.wp.com\/la-petite-classe.com\/le-blog-de-la-prof\/wp-content\/uploads\/sites\/2\/2021\/10\/4307B6E0-1FA6-4D5C-9423-87B4EC977962.jpeg?resize=1536%2C785&amp;ssl=1 1536w, https:\/\/i0.wp.com\/la-petite-classe.com\/le-blog-de-la-prof\/wp-content\/uploads\/sites\/2\/2021\/10\/4307B6E0-1FA6-4D5C-9423-87B4EC977962.jpeg?w=1563&amp;ssl=1 1563w\" sizes=\"auto, (max-width: 792px) 100vw, 792px\" \/><figcaption> \u00a0<strong>\u00a0\u00a0\u00a0Les Saintes-Maries-de-la-Mer.  VAN GOGH<\/strong><\/figcaption><\/figure>\n\n\n\n<p>J\u2019ai choisi aujourd\u2019hui de vous parler des Gitans, car c\u2019est un peuple m\u00e9connu que je respecte profond\u00e9ment et dont j\u2019aime le mode de vie qui est un peu le mien, de bien modeste mani\u00e8re.<\/p>\n\n\n\n<p>\u00ab\u00a0Qui a une maison n&rsquo;en a qu&rsquo;une, qui n&rsquo;en a pas en a cent une\u00a0\u00bb (un autre de leurs proverbes)<\/p>\n\n\n\n<p><a href=\"https:\/\/fb.watch\/8VroJLHSBz\/\" target=\"_blank\" rel=\"noreferrer noopener\">https:\/\/fb.watch\/8VroJLHSBz\/<\/a><\/p>\n\n\n\n<p>Ce sont \u00e9galement de tr\u00e8s grands musiciens et danseurs de Flamenco et plusieurs d\u2019entre eux sont tr\u00e8s c\u00e9l\u00e8bres:<\/p>\n\n\n\n<figure class=\"wp-block-embed is-type-video is-provider-youtube wp-block-embed-youtube wp-embed-aspect-16-9 wp-has-aspect-ratio\"><div class=\"wp-block-embed__wrapper\">\n<div class=\"jetpack-video-wrapper\"><iframe loading=\"lazy\" title=\"Musics-dances from Camargue with Manitas de Plata 1974 - RARE\" width=\"792\" height=\"446\" src=\"https:\/\/www.youtube.com\/embed\/8t3OqQGuMBY?feature=oembed\" frameborder=\"0\" allow=\"accelerometer; autoplay; clipboard-write; encrypted-media; gyroscope; picture-in-picture; web-share\" allowfullscreen><\/iframe><\/div>\n<\/div><\/figure>\n\n\n\n<div class=\"wp-block-image\"><figure class=\"aligncenter size-full\"><img data-recalc-dims=\"1\" loading=\"lazy\" decoding=\"async\" width=\"236\" height=\"314\" src=\"https:\/\/i0.wp.com\/la-petite-classe.com\/le-blog-de-la-prof\/wp-content\/uploads\/sites\/2\/2021\/10\/image-3.jpeg?resize=236%2C314&#038;ssl=1\" alt=\"\" class=\"wp-image-755\" srcset=\"https:\/\/i0.wp.com\/la-petite-classe.com\/le-blog-de-la-prof\/wp-content\/uploads\/sites\/2\/2021\/10\/image-3.jpeg?w=236&amp;ssl=1 236w, https:\/\/i0.wp.com\/la-petite-classe.com\/le-blog-de-la-prof\/wp-content\/uploads\/sites\/2\/2021\/10\/image-3.jpeg?resize=225%2C300&amp;ssl=1 225w\" sizes=\"auto, (max-width: 236px) 100vw, 236px\" \/><\/figure><\/div>\n\n\n\n<p>Je me suis inspir\u00e9e de Wikipedia pour les 2 textes suivants afin de vous permettre de voyager comme eux, en cliquant sur les liens<strong>&nbsp;<\/strong><\/p>\n\n\n\n<h2 class=\"has-text-align-center wp-block-heading\"><strong>Qui sont les Gitans ?<\/strong><\/h2>\n\n\n\n<p>Longtemps rest\u00e9e floue, l&rsquo;origine des Tziganes est peu \u00e0 peu r\u00e9v\u00e9l\u00e9e par les chercheurs comme \u00e9tant le nord-ouest de l&rsquo;<a href=\"https:\/\/fr.wikipedia.org\/wiki\/Inde\">Inde<\/a>.&nbsp;<\/p>\n\n\n\n<p>Au&nbsp;<a href=\"https:\/\/fr.wikipedia.org\/wiki\/XVe_si%C3%A8cle\">xve&nbsp;si\u00e8cle<\/a>, ils quittent leur r\u00e9gion d&rsquo;origine pour se retrouver en&nbsp;<a href=\"https:\/\/fr.wikipedia.org\/wiki\/Gr%C3%A8ce\">Gr\u00e8ce<\/a>&nbsp;(<a href=\"https:\/\/fr.wikipedia.org\/wiki\/P%C3%A9loponn%C3%A8se\">P\u00e9loponn\u00e8se<\/a>). Les voyageurs&nbsp;<a href=\"https:\/\/fr.wikipedia.org\/wiki\/Italiens\">italiens<\/a>&nbsp;ont ensuite donn\u00e9 comme nom \u00e0 cet endroit \u00ab&nbsp;La Petite&nbsp;<a href=\"https:\/\/fr.wikipedia.org\/wiki\/%C3%89gypte\">\u00c9gypte<\/a>&nbsp;\u00bb et leurs habitants&nbsp;<em>Egyptiano<\/em>, qui donnera&nbsp;<em>Gitano<\/em>&nbsp;en&nbsp;<a href=\"https:\/\/fr.wikipedia.org\/wiki\/Espagnol\">espagnol<\/a>, puis \u00ab&nbsp;Gitans&nbsp;\u00bb en fran\u00e7ais,puis&nbsp;<em>Cigano<\/em>&nbsp;en portugais. En&nbsp;<a href=\"https:\/\/fr.wikipedia.org\/wiki\/Grande-Bretagne\">Grande-Bretagne<\/a>, ils sont appel\u00e9s&nbsp;<em>Gypsy<\/em>.<\/p>\n\n\n\n<p>Les gitans sont \u00e9galement pr\u00e9sents dans le\u00a0<a href=\"https:\/\/fr.wikipedia.org\/wiki\/Midi_de_la_France\">sud de la France<\/a>\u00a0depuis le\u00a0<a href=\"https:\/\/fr.wikipedia.org\/wiki\/Moyen_%C3%82ge\">Moyen \u00c2ge<\/a>, et,\u00a0les premiers t\u00e9moignages de communaut\u00e9s gitanes en France, en\u00a0<a href=\"https:\/\/fr.wikipedia.org\/wiki\/1419_en_France\">1419<\/a>\u00a0, remontent aux XIVe et XVe si\u00e8cles.<\/p>\n\n\n\n<figure class=\"wp-block-image size-full\"><img data-recalc-dims=\"1\" loading=\"lazy\" decoding=\"async\" width=\"792\" height=\"528\" src=\"https:\/\/i0.wp.com\/la-petite-classe.com\/le-blog-de-la-prof\/wp-content\/uploads\/sites\/2\/2021\/10\/image-7.jpeg?resize=792%2C528&#038;ssl=1\" alt=\"\" class=\"wp-image-759\" srcset=\"https:\/\/i0.wp.com\/la-petite-classe.com\/le-blog-de-la-prof\/wp-content\/uploads\/sites\/2\/2021\/10\/image-7.jpeg?w=849&amp;ssl=1 849w, https:\/\/i0.wp.com\/la-petite-classe.com\/le-blog-de-la-prof\/wp-content\/uploads\/sites\/2\/2021\/10\/image-7.jpeg?resize=300%2C200&amp;ssl=1 300w, https:\/\/i0.wp.com\/la-petite-classe.com\/le-blog-de-la-prof\/wp-content\/uploads\/sites\/2\/2021\/10\/image-7.jpeg?resize=768%2C512&amp;ssl=1 768w\" sizes=\"auto, (max-width: 792px) 100vw, 792px\" \/><\/figure>\n\n\n\n<h3 class=\"has-text-align-center wp-block-heading\"><strong>Pourquoi se rassemblent-ils chaque ann\u00e9e aux Saintes-Maries-de-la-Mer ?<\/strong><\/h3>\n\n\n\n<p>Ce rassemblement attire chaque ann\u00e9e pr\u00e8s de 20 000 personnes pendant trois jours. Le 24 mai a lieu la procession \u00e0 la\u00a0<strong>mer<\/strong>\u00a0de Sara, la patronne des gitans et le 25 mai, et la procession des deux\u00a0<strong>Saintes Maries<\/strong>\u00a0: Jacob\u00e9 et Salom\u00e9.<\/p>\n\n\n\n<p>Huit ou dix mille gens du voyage s&rsquo;installent alors dans le village\u00a0<strong>camarguais<\/strong>.\u00a0<br><strong>Gitans<\/strong>, Roms, manouches, &#8230; Le peuple Gitan n&rsquo;est pas \u00ab\u00a0Un\u00a0\u00bbmais divers.<\/p>\n\n\n\n<p>Leur patronne, Sara-la-Kali (Sara la noire) peut rappeler la\u00a0<a href=\"https:\/\/fr.wikipedia.org\/wiki\/Divinit%C3%A9\">d\u00e9esse<\/a>\u00a0<a href=\"https:\/\/fr.wikipedia.org\/wiki\/Inde\">indienne<\/a>\u00a0<a href=\"https:\/\/fr.wikipedia.org\/wiki\/K%C3%A2l%C3%AE\">K\u00e2l\u00ee<\/a>\u00a0.<br>Cette appellation concorde avec l&rsquo;hypoth\u00e8se de la provenance indienne des Roms vers le\u00a0<a href=\"https:\/\/fr.wikipedia.org\/wiki\/IXe_si%C3%A8cle\">ixe\u00a0si\u00e8cle<\/a>.\u00a0<br>Elle serait alors une manifestation syncr\u00e9tique et christianis\u00e9e de Kali, d\u00e9esse de la cr\u00e9ation, de la maladie et de la mort, pourvue d&rsquo;un visage noir.\u00a0<\/p>\n\n\n\n<p class=\"has-text-align-center\">Elle serait arriv\u00e9e avec son peuple \u00e0 l\u2019endroit appel\u00e9 aujourd\u2019hui Les-Saintes-Maries-de-la-Mer.<\/p>\n\n\n\n<h2 class=\"has-text-align-center wp-block-heading\"><strong>VERSION GITANE DE L\u2019HISTOIRE DE LA REINE SARA<\/strong>&nbsp;<\/h2>\n\n\n\n<p>Au premier si\u00e8cle apr\u00e8s J.C., un peuple s\u2019est install\u00e9 dans la r\u00e9gion des Saintes-Maries-de-la-Mer. Ces gens venaient d\u2019un pays myst\u00e9rieux et avaient une reine.<\/p>\n\n\n\n<p>Elle s\u2019appelait Sara. C\u2019\u00e9tait la plus belle femme du pays, la plus riche et la plus intelligente.<\/p>\n\n\n\n<p>Sara et son peuple adoraient la d\u00e9esse de la Lune. Tous les ans, au printemps, ils portaient la statue de la d\u00e9esse jusqu\u2019\u00e0 la mer et lui demandaient une bonne r\u00e9colte ou de beaux enfants.<\/p>\n\n\n\n<p>Un jour, Sara voit une barque,au loin, sur la mer. C\u2019est un jour de temp\u00eate.<\/p>\n\n\n\n<p>La barque n\u2019a pas de voile et ses occupants vont se noyer.<\/p>\n\n\n\n<p>Alors, Sara jette son manteau sur la mer. Le manteau immense recouvre la mer et les occupants de la barque peuvent venir \u00e0 pieds jusqu\u2019au rivage.<\/p>\n\n\n\n<p>Ils viennent de J\u00e9rusalem : il y a Marie-Jacob\u00e9, (soeur de la m\u00e8re de J\u00e9sus), Marie-Salom\u00e9,(m\u00e8re des ap\u00f4tres Jacques et Jean) et d\u2019autres membres de la famille de J\u00e9sus.<\/p>\n\n\n\n<p>Ils ont fui sur une barque car celui-ci est mort et sa famille est pers\u00e9cut\u00e9e.<\/p>\n\n\n\n<p>Ils parlent \u00e0 Sara de leur nouvelle religion. Sara et son peuple se convertissent alors au Christianisme et construisent une \u00e9glise \u00e0 l\u2019endroit o\u00f9 se trouve aujourd\u2019hui l\u2019\u00e9glise des Saintes-Maries-de-la-Mer.<\/p>\n\n\n\n<p>Puis, ils partent \u00e9vang\u00e9liser la r\u00e9gion.<\/p>\n\n\n\n<p>Voil\u00e0 pourquoi le village construit autour de l\u2019\u00e9glise s\u2019appelle ainsi.<\/p>\n\n\n\n<h2 class=\"has-text-align-center wp-block-heading\"><strong><a rel=\"noreferrer noopener\" href=\"http:\/\/www.saintesmaries.com\/fr\/\" target=\"_blank\">Les Saintes-Maries-de-la-Mer<\/a>, en Camargue<\/strong><\/h2>\n\n\n\n<p>Ne sont pas seulement le royaume des Gitans mais \u00e9galement celui des<\/p>\n\n\n\n<p>flamants rose, des chevaux sauvages et des taureaux.<\/p>\n\n\n\n<p>Elles sont g\u00e9n\u00e9ralement reconnues comme \u00e9tant la \u00ab\u00a0capitale\u00a0\u00bb de la Camargue, class\u00e9e comme\u00a0<a href=\"https:\/\/fr.wikipedia.org\/wiki\/R%C3%A9serve_de_biosph%C3%A8re\">r\u00e9serve de biosph\u00e8re<\/a>\u00a0et\u00a0<a href=\"https:\/\/fr.wikipedia.org\/wiki\/Parc_naturel_r%C3%A9gional_en_France\">parc naturel r\u00e9gion<\/a><\/p>\n\n\n\n<figure class=\"wp-block-image size-large\"><img data-recalc-dims=\"1\" loading=\"lazy\" decoding=\"async\" width=\"792\" height=\"527\" src=\"https:\/\/i0.wp.com\/la-petite-classe.com\/le-blog-de-la-prof\/wp-content\/uploads\/sites\/2\/2021\/10\/image-4.jpeg?resize=792%2C527&#038;ssl=1\" alt=\"\" class=\"wp-image-756\" srcset=\"https:\/\/i0.wp.com\/la-petite-classe.com\/le-blog-de-la-prof\/wp-content\/uploads\/sites\/2\/2021\/10\/image-4.jpeg?resize=1024%2C682&amp;ssl=1 1024w, https:\/\/i0.wp.com\/la-petite-classe.com\/le-blog-de-la-prof\/wp-content\/uploads\/sites\/2\/2021\/10\/image-4.jpeg?resize=300%2C200&amp;ssl=1 300w, https:\/\/i0.wp.com\/la-petite-classe.com\/le-blog-de-la-prof\/wp-content\/uploads\/sites\/2\/2021\/10\/image-4.jpeg?resize=768%2C512&amp;ssl=1 768w, https:\/\/i0.wp.com\/la-petite-classe.com\/le-blog-de-la-prof\/wp-content\/uploads\/sites\/2\/2021\/10\/image-4.jpeg?resize=1536%2C1024&amp;ssl=1 1536w, https:\/\/i0.wp.com\/la-petite-classe.com\/le-blog-de-la-prof\/wp-content\/uploads\/sites\/2\/2021\/10\/image-4.jpeg?w=1772&amp;ssl=1 1772w\" sizes=\"auto, (max-width: 792px) 100vw, 792px\" \/><\/figure>\n\n\n\n<figure class=\"wp-block-image size-full\"><img data-recalc-dims=\"1\" loading=\"lazy\" decoding=\"async\" width=\"792\" height=\"446\" src=\"https:\/\/i0.wp.com\/la-petite-classe.com\/le-blog-de-la-prof\/wp-content\/uploads\/sites\/2\/2021\/10\/image-5.jpeg?resize=792%2C446&#038;ssl=1\" alt=\"\" class=\"wp-image-757\" srcset=\"https:\/\/i0.wp.com\/la-petite-classe.com\/le-blog-de-la-prof\/wp-content\/uploads\/sites\/2\/2021\/10\/image-5.jpeg?w=960&amp;ssl=1 960w, https:\/\/i0.wp.com\/la-petite-classe.com\/le-blog-de-la-prof\/wp-content\/uploads\/sites\/2\/2021\/10\/image-5.jpeg?resize=300%2C169&amp;ssl=1 300w, https:\/\/i0.wp.com\/la-petite-classe.com\/le-blog-de-la-prof\/wp-content\/uploads\/sites\/2\/2021\/10\/image-5.jpeg?resize=768%2C432&amp;ssl=1 768w\" sizes=\"auto, (max-width: 792px) 100vw, 792px\" \/><\/figure>\n\n\n\n<figure class=\"wp-block-image size-full\"><img data-recalc-dims=\"1\" loading=\"lazy\" decoding=\"async\" width=\"792\" height=\"540\" src=\"https:\/\/i0.wp.com\/la-petite-classe.com\/le-blog-de-la-prof\/wp-content\/uploads\/sites\/2\/2021\/10\/image-6.jpeg?resize=792%2C540&#038;ssl=1\" alt=\"\" class=\"wp-image-758\" srcset=\"https:\/\/i0.wp.com\/la-petite-classe.com\/le-blog-de-la-prof\/wp-content\/uploads\/sites\/2\/2021\/10\/image-6.jpeg?w=900&amp;ssl=1 900w, https:\/\/i0.wp.com\/la-petite-classe.com\/le-blog-de-la-prof\/wp-content\/uploads\/sites\/2\/2021\/10\/image-6.jpeg?resize=300%2C205&amp;ssl=1 300w, https:\/\/i0.wp.com\/la-petite-classe.com\/le-blog-de-la-prof\/wp-content\/uploads\/sites\/2\/2021\/10\/image-6.jpeg?resize=768%2C524&amp;ssl=1 768w\" sizes=\"auto, (max-width: 792px) 100vw, 792px\" \/><\/figure>\n\n\n\n<div style=\"height:70px\" aria-hidden=\"true\" class=\"wp-block-spacer\"><\/div>\n\n\n\n<p class=\"has-text-align-right\"><strong><em>\u00c0 bient\u00f4t, dans 15 jours\u2026<\/em><\/strong>\u2665\ufe0f<\/p>\n\n\n\n<p><\/p>\n\n\n<div class=\"kk-star-ratings kksr-auto kksr-align-left kksr-valign-bottom\"\n    data-payload='{&quot;align&quot;:&quot;left&quot;,&quot;id&quot;:&quot;752&quot;,&quot;slug&quot;:&quot;default&quot;,&quot;valign&quot;:&quot;bottom&quot;,&quot;ignore&quot;:&quot;&quot;,&quot;reference&quot;:&quot;auto&quot;,&quot;class&quot;:&quot;&quot;,&quot;count&quot;:&quot;0&quot;,&quot;legendonly&quot;:&quot;&quot;,&quot;readonly&quot;:&quot;&quot;,&quot;score&quot;:&quot;0&quot;,&quot;starsonly&quot;:&quot;&quot;,&quot;best&quot;:&quot;5&quot;,&quot;gap&quot;:&quot;4&quot;,&quot;greet&quot;:&quot;Votez&quot;,&quot;legend&quot;:&quot;0\\\/5 - (0 vote)&quot;,&quot;size&quot;:&quot;18&quot;,&quot;title&quot;:&quot;\\u0026quot;Ce n\u2019est pas la destination mais la route qui compte\\u0026quot; (proverbe gitan)&quot;,&quot;width&quot;:&quot;0&quot;,&quot;_legend&quot;:&quot;{score}\\\/{best} - ({count} {votes})&quot;,&quot;font_factor&quot;:&quot;1.25&quot;}'>\n            \n<div class=\"kksr-stars\">\n    \n<div class=\"kksr-stars-inactive\">\n            <div class=\"kksr-star\" data-star=\"1\" style=\"padding-right: 4px\">\n            \n\n<div class=\"kksr-icon\" style=\"width: 18px; height: 18px;\"><\/div>\n        <\/div>\n            <div class=\"kksr-star\" data-star=\"2\" style=\"padding-right: 4px\">\n            \n\n<div class=\"kksr-icon\" style=\"width: 18px; height: 18px;\"><\/div>\n        <\/div>\n            <div class=\"kksr-star\" data-star=\"3\" style=\"padding-right: 4px\">\n            \n\n<div class=\"kksr-icon\" style=\"width: 18px; height: 18px;\"><\/div>\n        <\/div>\n            <div class=\"kksr-star\" data-star=\"4\" style=\"padding-right: 4px\">\n            \n\n<div class=\"kksr-icon\" style=\"width: 18px; height: 18px;\"><\/div>\n        <\/div>\n            <div class=\"kksr-star\" data-star=\"5\" style=\"padding-right: 4px\">\n            \n\n<div class=\"kksr-icon\" style=\"width: 18px; height: 18px;\"><\/div>\n        <\/div>\n    <\/div>\n    \n<div class=\"kksr-stars-active\" style=\"width: 0px;\">\n            <div class=\"kksr-star\" style=\"padding-right: 4px\">\n            \n\n<div class=\"kksr-icon\" style=\"width: 18px; height: 18px;\"><\/div>\n        <\/div>\n            <div class=\"kksr-star\" style=\"padding-right: 4px\">\n            \n\n<div class=\"kksr-icon\" style=\"width: 18px; height: 18px;\"><\/div>\n        <\/div>\n            <div class=\"kksr-star\" style=\"padding-right: 4px\">\n            \n\n<div class=\"kksr-icon\" style=\"width: 18px; height: 18px;\"><\/div>\n        <\/div>\n            <div class=\"kksr-star\" style=\"padding-right: 4px\">\n            \n\n<div class=\"kksr-icon\" style=\"width: 18px; height: 18px;\"><\/div>\n        <\/div>\n            <div class=\"kksr-star\" style=\"padding-right: 4px\">\n            \n\n<div class=\"kksr-icon\" style=\"width: 18px; height: 18px;\"><\/div>\n        <\/div>\n    <\/div>\n<\/div>\n                \n\n<div class=\"kksr-legend\" style=\"font-size: 14.4px;\">\n            <span class=\"kksr-muted\">Votez<\/span>\n    <\/div>\n    <\/div>\n","protected":false},"excerpt":{"rendered":"<p>J\u2019ai choisi aujourd\u2019hui de vous parler des Gitans, car c\u2019est un peuple m\u00e9connu que je respecte profond\u00e9ment et dont j\u2019aime le mode de vie qui est un peu le mien, de bien modeste mani\u00e8re. \u00ab\u00a0Qui a une maison n&rsquo;en a qu&rsquo;une, qui n&rsquo;en a pas en a cent une\u00a0\u00bb (un autre de leurs proverbes) https:\/\/fb.watch\/8VroJLHSBz\/ &hellip; <a href=\"https:\/\/la-petite-classe.com\/le-blog-de-la-prof\/ce-nest-pas-la-destination-mais-la-route-qui-compte-proverbe-gitan\/\" class=\"more-link\">Continue reading <span class=\"screen-reader-text\">\u00ab\u00a0Ce n\u2019est pas la destination mais la route qui compte\u00a0\u00bb (proverbe gitan)<\/span><\/a><\/p>\n","protected":false},"author":1,"featured_media":0,"comment_status":"open","ping_status":"open","sticky":false,"template":"","format":"standard","meta":{"_seopress_robots_primary_cat":"none","_seopress_titles_title":"","_seopress_titles_desc":"","_seopress_robots_index":"","_jetpack_memberships_contains_paid_content":false,"footnotes":""},"categories":[6],"tags":[158,157,160,167,161,168,22,9,163,166,159,162,36,164,17],"class_list":["post-752","post","type-post","status-publish","format-standard","hentry","category-a-batons-rompus","tag-arles","tag-camargue","tag-chevaux","tag-del-la-plata","tag-flamants","tag-flamenco","tag-french-lessons-for-foreigners","tag-french-total-immersion","tag-gyspies","tag-manouches","tag-saintes-maries-de-la-mer","tag-taureaux","tag-tourism","tag-tsiganes","tag-voyage"],"jetpack_featured_media_url":"","jetpack_sharing_enabled":true,"jetpack-related-posts":[],"_links":{"self":[{"href":"https:\/\/la-petite-classe.com\/le-blog-de-la-prof\/wp-json\/wp\/v2\/posts\/752","targetHints":{"allow":["GET"]}}],"collection":[{"href":"https:\/\/la-petite-classe.com\/le-blog-de-la-prof\/wp-json\/wp\/v2\/posts"}],"about":[{"href":"https:\/\/la-petite-classe.com\/le-blog-de-la-prof\/wp-json\/wp\/v2\/types\/post"}],"author":[{"embeddable":true,"href":"https:\/\/la-petite-classe.com\/le-blog-de-la-prof\/wp-json\/wp\/v2\/users\/1"}],"replies":[{"embeddable":true,"href":"https:\/\/la-petite-classe.com\/le-blog-de-la-prof\/wp-json\/wp\/v2\/comments?post=752"}],"version-history":[{"count":2,"href":"https:\/\/la-petite-classe.com\/le-blog-de-la-prof\/wp-json\/wp\/v2\/posts\/752\/revisions"}],"predecessor-version":[{"id":762,"href":"https:\/\/la-petite-classe.com\/le-blog-de-la-prof\/wp-json\/wp\/v2\/posts\/752\/revisions\/762"}],"wp:attachment":[{"href":"https:\/\/la-petite-classe.com\/le-blog-de-la-prof\/wp-json\/wp\/v2\/media?parent=752"}],"wp:term":[{"taxonomy":"category","embeddable":true,"href":"https:\/\/la-petite-classe.com\/le-blog-de-la-prof\/wp-json\/wp\/v2\/categories?post=752"},{"taxonomy":"post_tag","embeddable":true,"href":"https:\/\/la-petite-classe.com\/le-blog-de-la-prof\/wp-json\/wp\/v2\/tags?post=752"}],"curies":[{"name":"wp","href":"https:\/\/api.w.org\/{rel}","templated":true}]}}