{"id":1426,"date":"2024-11-18T15:59:26","date_gmt":"2024-11-18T14:59:26","guid":{"rendered":"https:\/\/la-petite-classe.com\/le-blog-de-la-prof\/?p=1426"},"modified":"2024-11-18T16:05:52","modified_gmt":"2024-11-18T15:05:52","slug":"au-jeu-dechecs-les-fous-sont-les-plus-pres-du-roi","status":"publish","type":"post","link":"https:\/\/la-petite-classe.com\/le-blog-de-la-prof\/au-jeu-dechecs-les-fous-sont-les-plus-pres-du-roi\/","title":{"rendered":"Au jeu d\u2019\u00e9checs , les fous sont les plus pr\u00e8s du roi\u00a0"},"content":{"rendered":"<div class=\"wp-block-image\">\n<figure class=\"aligncenter size-large is-resized\"><img data-recalc-dims=\"1\" loading=\"lazy\" decoding=\"async\" width=\"792\" height=\"930\" src=\"https:\/\/i0.wp.com\/la-petite-classe.com\/le-blog-de-la-prof\/wp-content\/uploads\/sites\/2\/2024\/11\/phonto.jpeg?resize=792%2C930&#038;ssl=1\" alt=\"\" class=\"wp-image-1428\" style=\"width:840px;height:auto\" srcset=\"https:\/\/i0.wp.com\/la-petite-classe.com\/le-blog-de-la-prof\/wp-content\/uploads\/sites\/2\/2024\/11\/phonto.jpeg?resize=872%2C1024&amp;ssl=1 872w, https:\/\/i0.wp.com\/la-petite-classe.com\/le-blog-de-la-prof\/wp-content\/uploads\/sites\/2\/2024\/11\/phonto.jpeg?resize=255%2C300&amp;ssl=1 255w, https:\/\/i0.wp.com\/la-petite-classe.com\/le-blog-de-la-prof\/wp-content\/uploads\/sites\/2\/2024\/11\/phonto.jpeg?resize=768%2C902&amp;ssl=1 768w, https:\/\/i0.wp.com\/la-petite-classe.com\/le-blog-de-la-prof\/wp-content\/uploads\/sites\/2\/2024\/11\/phonto.jpeg?w=1090&amp;ssl=1 1090w\" sizes=\"auto, (max-width: 792px) 100vw, 792px\" \/><\/figure>\n<\/div>\n\n\n<p class=\"has-text-align-center\"><strong>La folie\u2026Elle n\u2019a cess\u00e9 de faire parler d\u2019elle au travers des si\u00e8cles<\/strong><br><strong>Car, sans elle, sans un grain de folie, point de g\u00e9nie, et quel ennui !!!<\/strong><\/p>\n\n\n\n<p>\u2666\ufe0f \u00ab\u00a0bouffon\u00a0\u00bb de l\u2019italien\u00a0<em>buffone<\/em>, lui-m\u00eame d\u00e9riv\u00e9 du radical\u00a0<em>buff-<\/em>\u00a0qui exprime le gonflement des joues<br>\u2666\ufe0f \u00ab\u00a0Fou\u00a0\u00bb , t\u00eate aigu\u00eb, parce que la conformation \u00e9troite et conique\u00a0de\u00a0la\u00a0t\u00eate est le signe de l&rsquo;absence de cervelle, du latin\u00a0<em>follis<\/em>, soufflet, parce que la t\u00eate\u00a0d&rsquo;un fou\u00a0est pleine de vent et de billeves\u00e9es<\/p>\n\n\n\n<h2 class=\"wp-block-heading has-text-align-center\"><strong>Les Fous du Roi&nbsp;<\/strong><\/h2>\n\n\n\n<p>En mythologie, le fou du roi est plus ancien encore\u00a0: Momos est le bouffon des dieux de l&rsquo;Olympe,<br>Dieu du Sarcasme et de la Moquerie, c\u2019est le bouffon des divint\u00e9s olympiennes.<\/p>\n\n\n<div class=\"wp-block-image\">\n<figure class=\"aligncenter size-full\"><img data-recalc-dims=\"1\" loading=\"lazy\" decoding=\"async\" width=\"519\" height=\"307\" src=\"https:\/\/i0.wp.com\/la-petite-classe.com\/le-blog-de-la-prof\/wp-content\/uploads\/sites\/2\/2024\/11\/image.jpeg?resize=519%2C307&#038;ssl=1\" alt=\"\" class=\"wp-image-1429\" srcset=\"https:\/\/i0.wp.com\/la-petite-classe.com\/le-blog-de-la-prof\/wp-content\/uploads\/sites\/2\/2024\/11\/image.jpeg?w=519&amp;ssl=1 519w, https:\/\/i0.wp.com\/la-petite-classe.com\/le-blog-de-la-prof\/wp-content\/uploads\/sites\/2\/2024\/11\/image.jpeg?resize=300%2C177&amp;ssl=1 300w\" sizes=\"auto, (max-width: 519px) 100vw, 519px\" \/><\/figure>\n<\/div>\n\n\n<p>Dans la r\u00e9alit\u00e9, l\u2019un des premiers \u00e9crits o\u00f9 le bouffon appara\u00eet est celui de Priscus, historien grec; en 449: Attila avait d\u00e9j\u00e0 \u00e0 son service un fou pour distraire ses convives.\u00a0<br>C&rsquo;est la premi\u00e8re fois qu&rsquo;on parle d&rsquo;un fou du roi bien qu&rsquo;on puisse soup\u00e7onner qu&rsquo;il en exist\u00e2t d\u00e9j\u00e0 bien avant.<br>Au XIII &#8211; XIV\u00e8me si\u00e8cle, la documentation sur les fous de cour s&rsquo;enrichit singuli\u00e8rement, car les comptes princiers sont\u00a0\u00a0mieux conserv\u00e9s. L\u2019on y trouve des fous de passage, que le prince r\u00e9compense de quelques pi\u00e9cettes, et des fous dont la pr\u00e9sence \u00e0 leur cour est plus durable. Ainsi, les riches archives d&rsquo;Artois nous permettent-elles de savoir que le comte Robert, mort en 1302, et sa fille Mahaut, comtesse d&rsquo;Artois de 1302 \u00e0 1329, entretinrent des fous \u00e0 leur cour. A la cour du roi de France, le hasard d&rsquo;un compte conserv\u00e9 nous permet de savoir que Philippe V le Long avait \u00e0 sa cour, en 1316, un fou nomm\u00e9 Geoffroy.<\/p>\n\n\n\n<p>D&rsquo;abord authentique d\u00e9bile mental, objet de collection des m\u00e9nageries royales, o\u00f9 il \u00e9tait \u00e9lev\u00e9 puis vendu, le fou du roi devient, au fil des si\u00e8cles, le double du roi, sa contrefa\u00e7on grotesque.\u00a0<br>Il re\u00e7oit une r\u00e9elle formation, adapt\u00e9e aux gens d\u2019esprit, pour avoir droit de rev\u00eatir les insignes de ma\u00eetre-\u00e8s-folie, le bonnet \u00e0 longues oreilles et cr\u00eate de papier, la <a href=\"#marotte\">marotte<\/a> au poing, la vessie\u00a0\u00e0\u00a0la\u00a0ceinture, et la livr\u00e9e aux couleurs de son ma\u00eetre, toute r\u00e9sonnante de grelots.<\/p>\n\n\n<div class=\"wp-block-image\">\n<figure class=\"aligncenter size-full\"><img data-recalc-dims=\"1\" loading=\"lazy\" decoding=\"async\" width=\"300\" height=\"270\" src=\"https:\/\/i0.wp.com\/la-petite-classe.com\/le-blog-de-la-prof\/wp-content\/uploads\/sites\/2\/2024\/11\/image-1.jpeg?resize=300%2C270&#038;ssl=1\" alt=\"\" class=\"wp-image-1430\"\/><\/figure>\n<\/div>\n\n\n<p>Somptueusement entretenu, il a pour mission d&rsquo;\u00e9gayer le souverain en l&rsquo;arrachant, sous l&rsquo;effet du rire,\u00a0<br><strong>\u00e0 l&rsquo;hyst\u00e9rie de la puissance pour le r\u00e9int\u00e9grer dans l&rsquo;humanit\u00e9 vraie<\/strong>. Il le suit partout, le traite en intime, l\u2019appelle \u00ab\u00a0mon cousin\u00a0\u00bb, le tutoie, le critique, le conseille, le persifle. En toute impunit\u00e9. Mais surtout &#8211; privil\u00e8ge inou\u00ef -, il a le droit de lui dire la v\u00e9rit\u00e9.<br>Il est l&rsquo;envers du pouvoir, le lieu de l&rsquo;irr\u00e9v\u00e9rence et du d\u00e9sordre,\u00a0\u00a0de la f\u00eate, avec ses turbulences et ses d\u00e9r\u00e8glements. Il est enfin l\u2019espion du roi, \u00e0 l\u2019aff\u00fbt des ragots et des complots.<\/p>\n\n\n\n<p class=\"has-text-align-center\"><strong><em>Il faut na\u00eetre roi ou fou pour faire ce que l&rsquo;on veut. (proverbe latin)<\/em><\/strong><\/p>\n\n\n\n<p>Il leur arrive m\u00eame d\u2019\u00e9crire (en langue d\u2019o\u00eel) comme Triboulet, fou du roi Fran\u00e7ois Ier,<br>mis en sc\u00e8ne par Rabelais (le Tiers Livre-1546) et par V.Hugo \u00ab\u00a0le roi s\u2019amuse\u00a0\u00bb.<br>On trouve tr\u00e8s rarement des femmes \u00ab\u00a0fous\u00a0\u00bb ou \u00ab\u00a0folles\u00a0\u00bb: Cathelot fut la naine ou folle de la reine El\u00e9onore et de Marguerite de Savoie.<\/p>\n\n\n<div class=\"wp-block-image\">\n<figure class=\"aligncenter size-large\"><img data-recalc-dims=\"1\" loading=\"lazy\" decoding=\"async\" width=\"792\" height=\"914\" src=\"https:\/\/i0.wp.com\/la-petite-classe.com\/le-blog-de-la-prof\/wp-content\/uploads\/sites\/2\/2024\/11\/image-2.jpeg?resize=792%2C914&#038;ssl=1\" alt=\"\" class=\"wp-image-1431\" srcset=\"https:\/\/i0.wp.com\/la-petite-classe.com\/le-blog-de-la-prof\/wp-content\/uploads\/sites\/2\/2024\/11\/image-2.jpeg?resize=887%2C1024&amp;ssl=1 887w, https:\/\/i0.wp.com\/la-petite-classe.com\/le-blog-de-la-prof\/wp-content\/uploads\/sites\/2\/2024\/11\/image-2.jpeg?resize=260%2C300&amp;ssl=1 260w, https:\/\/i0.wp.com\/la-petite-classe.com\/le-blog-de-la-prof\/wp-content\/uploads\/sites\/2\/2024\/11\/image-2.jpeg?resize=768%2C887&amp;ssl=1 768w, https:\/\/i0.wp.com\/la-petite-classe.com\/le-blog-de-la-prof\/wp-content\/uploads\/sites\/2\/2024\/11\/image-2.jpeg?w=1041&amp;ssl=1 1041w\" sizes=\"auto, (max-width: 792px) 100vw, 792px\" \/><\/figure>\n<\/div>\n\n\n<h2 class=\"wp-block-heading has-text-align-center\"><strong>Le fou, miroir grotesque du roi<\/strong><\/h2>\n\n\n\n<p>\u00ab\u00a0Fou de lui, l\u2019\u0153il sur son image, et sans m\u00eame s\u2019apercevoir qu\u2019il voit un fou dans son miroir\u00a0\u00bb, peut-on lire dans la\u00a0Nef des fols de <a href=\"https:\/\/fr.wikipedia.org\/wiki\/S%C3%A9bastien_Brant\" target=\"_blank\" rel=\"noreferrer noopener\">Sebastien Brant<\/a>, en 1494.<br>Et ainsi dans \u00a0\u00bb l\u2019Eloge de la folie\u00a0\u00a0\u00bb d\u2019Erasme en 1511.<br>Erasme souligne l&rsquo;importance des bouffons aupr\u00e8s des rois dans\u00a0<em>\u00c9loge de la folie<\/em>, \u00ab\u00a0Les plus grands rois les go\u00fbtent si fort que plus d&rsquo;un, sans eux, ne saurait se mettre \u00e0 table ou faire un pas, ni se passer d&rsquo;eux pendant une heure. Ils prisent les fous plus que les sages aust\u00e8res, qu&rsquo;ils ont l&rsquo;habitude d&rsquo;entretenir par ostentation\u2026 les bouffons, eux, procurent ce que les princes recherchent partout et \u00e0 tout prix\u00a0: l&rsquo;amusement, le sourire, l&rsquo;\u00e9clat de rire, le plaisir.\u00a0\u00bb. Mais \u00c9rasme fait \u00e9galement quelques allusions \u00e0 un second r\u00f4le \u00e9chu au bouffon\u00a0: celui de r\u00e9v\u00e9lateur, de miroir grotesque.<\/p>\n\n\n\n<h2 class=\"wp-block-heading has-text-align-center\"><strong>Hommage aux Innocents (simples d\u2019esprit, fous)<\/strong><\/h2>\n\n\n\n<p>Du Moyen-\u00c2ge au XVIIe si\u00e8cle, <a href=\"https:\/\/collections.louvre.fr\/ark:\/53355\/cl010062860\" target=\"_blank\" rel=\"noreferrer noopener\">Y\u00e9ronymus Bosch<\/a> les peindra, <br>S\u00e9bastien Brant \u00e9crira \u00ab\u00a0la Nef des fous du Monde\u00a0\u00bb, mais l\u2019\u00c9glise les\u00a0c\u00e9l\u00e8brera :<\/p>\n\n\n\n<p>La<strong>\u00a0f\u00eate des fous<\/strong>\u00a0ou\u00a0<strong>f\u00eate des Innocents\u00a0\u00a0<\/strong>26, 27 et 28 d\u00e9cembre, survivance de f\u00eates rituelles\u00a0pa\u00efennes bien plus anciennes, les Saturnales romaines.<\/p>\n\n\n<div class=\"wp-block-image\">\n<figure class=\"aligncenter size-large\"><img data-recalc-dims=\"1\" loading=\"lazy\" decoding=\"async\" width=\"792\" height=\"613\" src=\"https:\/\/i0.wp.com\/la-petite-classe.com\/le-blog-de-la-prof\/wp-content\/uploads\/sites\/2\/2024\/11\/IMG_1492.jpeg?resize=792%2C613&#038;ssl=1\" alt=\"\" class=\"wp-image-1432\" srcset=\"https:\/\/i0.wp.com\/la-petite-classe.com\/le-blog-de-la-prof\/wp-content\/uploads\/sites\/2\/2024\/11\/IMG_1492.jpeg?resize=1024%2C793&amp;ssl=1 1024w, https:\/\/i0.wp.com\/la-petite-classe.com\/le-blog-de-la-prof\/wp-content\/uploads\/sites\/2\/2024\/11\/IMG_1492.jpeg?resize=300%2C232&amp;ssl=1 300w, https:\/\/i0.wp.com\/la-petite-classe.com\/le-blog-de-la-prof\/wp-content\/uploads\/sites\/2\/2024\/11\/IMG_1492.jpeg?resize=768%2C595&amp;ssl=1 768w, https:\/\/i0.wp.com\/la-petite-classe.com\/le-blog-de-la-prof\/wp-content\/uploads\/sites\/2\/2024\/11\/IMG_1492.jpeg?w=1280&amp;ssl=1 1280w\" sizes=\"auto, (max-width: 792px) 100vw, 792px\" \/><\/figure>\n<\/div>\n\n\n<p>Organis\u00e9e par le clerg\u00e9 en Europe, dans la&nbsp;plupart des \u00e9glises de France, c\u2019\u00e9tait tout d\u2019abord une f\u00eate all\u00e9gorique dans laquelle le pouvoir eccl\u00e9siastique tombait des mains de l&rsquo;\u00e9v\u00eaque dans celles du sous-diacre et de l&rsquo;enfant de choeur, afin d\u2019accorder un instant la supr\u00e9matie aux simples d&rsquo;esprit, \u00e0 qui&nbsp;l&rsquo;Evangile promet le royaume des cieux, cette pratique s&rsquo;est ensuite \u00e9tendue du clerg\u00e9 dans la rue et a perdur\u00e9 jusqu&rsquo;au XVIIe si\u00e8cle. Les historiens voient dans ces parodies liturgiques une des origines m\u00e9di\u00e9vales du th\u00e9\u00e2tre.<\/p>\n\n\n\n<h2 class=\"wp-block-heading has-text-align-center\"><strong>La symbolique du fou&nbsp;<\/strong><\/h2>\n\n\n\n<p>Le fou est aussi, en\u00a0<strong>alchimie<\/strong>\u00a0un symbole pour repr\u00e9senter le dissolvant, l&rsquo;action de d\u00e9composition.\u00a0<br>on surnommait l\u2019alchimiste \u00ab\u00a0savant fou\u00a0\u00bb dans la litt\u00e9rature du XIXe et du XXe si\u00e8cle.<\/p>\n\n\n\n<p>Dans le\u00a0<a href=\"https:\/\/fr.wikipedia.org\/wiki\/Tarot_de_Marseille\">tarot de Marseille<\/a>, inspir\u00e9 du tarot m\u00e8di\u00e9val, l\u2019arcane du\u00a0<a href=\"https:\/\/fr.wikipedia.org\/wiki\/Le_Mat\">Mat<\/a>\u00a0est aussi appel\u00e9e \u00ab\u00a0le Fou\u00a0\u00bb ou \u00ab\u00a0fol\u00a0\u00bb et repr\u00e9sente l&rsquo;errance, la folie, mais aussi la libert\u00e9 et l&rsquo;insouciance.<\/p>\n\n\n\n<p>Et puis, bien s\u00fbr, dans\u00a0<strong>le jeu d\u2019\u00e9checs,<\/strong>\u00a0par erreur de traduction toutefois\u2026\u00a0<br>\ud83d\ude09 mais \u00e9l\u00e9phant, fol ou \u00e9v\u00e8que, toujours \u00e0 c\u00f4t\u00e9 du roi\u2026<\/p>\n\n\n<div class=\"wp-block-image\">\n<figure class=\"aligncenter size-large is-resized\"><img data-recalc-dims=\"1\" loading=\"lazy\" decoding=\"async\" width=\"792\" height=\"432\" src=\"https:\/\/i0.wp.com\/la-petite-classe.com\/le-blog-de-la-prof\/wp-content\/uploads\/sites\/2\/2024\/11\/image-3.jpeg?resize=792%2C432&#038;ssl=1\" alt=\"\" class=\"wp-image-1433\" style=\"width:840px;height:auto\" srcset=\"https:\/\/i0.wp.com\/la-petite-classe.com\/le-blog-de-la-prof\/wp-content\/uploads\/sites\/2\/2024\/11\/image-3.jpeg?resize=1024%2C558&amp;ssl=1 1024w, https:\/\/i0.wp.com\/la-petite-classe.com\/le-blog-de-la-prof\/wp-content\/uploads\/sites\/2\/2024\/11\/image-3.jpeg?resize=300%2C164&amp;ssl=1 300w, https:\/\/i0.wp.com\/la-petite-classe.com\/le-blog-de-la-prof\/wp-content\/uploads\/sites\/2\/2024\/11\/image-3.jpeg?resize=768%2C419&amp;ssl=1 768w, https:\/\/i0.wp.com\/la-petite-classe.com\/le-blog-de-la-prof\/wp-content\/uploads\/sites\/2\/2024\/11\/image-3.jpeg?w=1535&amp;ssl=1 1535w\" sizes=\"auto, (max-width: 792px) 100vw, 792px\" \/><\/figure>\n<\/div>\n\n\n<div style=\"height:51px\" aria-hidden=\"true\" class=\"wp-block-spacer\"><\/div>\n\n\n\n<h3 class=\"wp-block-heading has-text-align-center\"><strong>\u270d\ufe0f un brin de vocabulaire :&nbsp;&nbsp;<\/strong><\/h3>\n\n\n\n<p>\u2666\ufe0f <strong>FOU<\/strong><\/p>\n\n\n\n<ul class=\"wp-block-list\">\n<li>Amoureux fou\u00a0<\/li>\n\n\n\n<li>Savant fou<\/li>\n\n\n\n<li>Un monde fou\u00a0<\/li>\n\n\n\n<li>Un talent fou<\/li>\n\n\n\n<li>coiff\u00e9 comme un chien fou<\/li>\n\n\n\n<li>Fou \u00e0 lier, fou furieux, fou de joie, Tout fou , fou comme un jeune chien, faire le fou\u00a0<\/li>\n\n\n\n<li>Ne pas \u00eatre assez fou pour<\/li>\n\n\n\n<li>Plus on est de fous, plus on rit ! Le fou-rire<\/li>\n\n\n\n<li>\u00catre d&rsquo;humeur folle<\/li>\n\n\n\n<li>Herbes folles et\u2026\u00a0<a href=\"https:\/\/usito.usherbrooke.ca\/lexies?lt=fou\" target=\"_blank\" rel=\"noreferrer noopener\">quelques autres<\/a><strong>\u00a0<\/strong><\/li>\n<\/ul>\n\n\n\n<p id=\"marotte\"><strong>\u2666\ufe0f \u201cavoir une marotte\u00a0\u00bb <\/strong><\/p>\n\n\n\n<p id=\"marotte\">Les significations ont \u00e9volu\u00e9 durant les si\u00e8cles.\u00a0<br><strong>Aujourd\u2019hui<\/strong>, avoir une marotte c\u2019est\u00a0\u00a0t\u00e9moigner d\u2019une passion pour quelque chose.<br>Selon les linguistes, l\u2019\u00e9tymologie du mot vient de Marie. Mariotte, devenu marotte, est l\u2019un de ses nombreux diminutifs, renvoyant \u00e0 une petite figure, une statuette de la Vierge Marie.<br>D\u2019une statuette de Marie \u00e0 une t\u00eate pour la fabrication des chapeaux, en passant par une b\u00e2ton \u00e0 t\u00eate grotesque, la marotte a \u00e9volu\u00e9 au fil du temps et a pris diff\u00e9rentes formes\u2026<\/p>\n\n\n<div class=\"wp-block-image\">\n<figure class=\"aligncenter size-large\"><img data-recalc-dims=\"1\" loading=\"lazy\" decoding=\"async\" width=\"792\" height=\"285\" src=\"https:\/\/i0.wp.com\/la-petite-classe.com\/le-blog-de-la-prof\/wp-content\/uploads\/sites\/2\/2024\/11\/image-4.jpeg?resize=792%2C285&#038;ssl=1\" alt=\"\" class=\"wp-image-1434\" srcset=\"https:\/\/i0.wp.com\/la-petite-classe.com\/le-blog-de-la-prof\/wp-content\/uploads\/sites\/2\/2024\/11\/image-4.jpeg?resize=1024%2C369&amp;ssl=1 1024w, https:\/\/i0.wp.com\/la-petite-classe.com\/le-blog-de-la-prof\/wp-content\/uploads\/sites\/2\/2024\/11\/image-4.jpeg?resize=300%2C108&amp;ssl=1 300w, https:\/\/i0.wp.com\/la-petite-classe.com\/le-blog-de-la-prof\/wp-content\/uploads\/sites\/2\/2024\/11\/image-4.jpeg?resize=768%2C277&amp;ssl=1 768w, https:\/\/i0.wp.com\/la-petite-classe.com\/le-blog-de-la-prof\/wp-content\/uploads\/sites\/2\/2024\/11\/image-4.jpeg?resize=1536%2C554&amp;ssl=1 1536w, https:\/\/i0.wp.com\/la-petite-classe.com\/le-blog-de-la-prof\/wp-content\/uploads\/sites\/2\/2024\/11\/image-4.jpeg?w=1612&amp;ssl=1 1612w\" sizes=\"auto, (max-width: 792px) 100vw, 792px\" \/><\/figure>\n<\/div>\n\n\n<p id=\"marotte\"><strong>Au Moyen \u00c2ge,<\/strong>\u00a0nous l\u2019avons vu, la marotte est l\u2019attribut du bouffon \u2013 ou fou \u2013 du roi. L\u2019objet parodie un sceptre. Il s\u2019agit ainsi d\u2019un b\u00e2ton en bois surmont\u00e9 d\u2019une figure grotesque affubl\u00e9e d\u2019un bonnet \u00e0 grelots. Cet accessoire donne alors \u00e0 l\u2019amuseur le droit de se moquer des classes sociales sup\u00e9rieures sans risquer d\u2019\u00eatre puni.<br><strong>D\u00e8s la seconde moiti\u00e9 du 18e si\u00e8cle<\/strong>, elle d\u00e9signe aussi le mannequin employ\u00e9 par les modistes. Prenant la forme d\u2019une t\u00eate, en carton ou en bois, elle sert de gabarit pour confectionner les chapeaux.\u00a0<br><strong>Durant  les si\u00e8cles suivants<\/strong>, par\u00a0extension au b\u00e2ton du fou du roi<strong>,\u00a0<\/strong>la marotte des marionnettistes est une poup\u00e9e mont\u00e9e sur un manche en bois. L\u00e0 encore, la marotte sert \u00e0 amuser, imiter, transmettre des histoires.<\/p>\n\n\n\n<div style=\"height:51px\" aria-hidden=\"true\" class=\"wp-block-spacer\"><\/div>\n\n\n\n<p class=\"has-text-align-right\"><strong><em>\u00c0 bient\u00f4t ! \u265f\ufe0f\u265f\ufe0f\u265f\ufe0f<\/em><\/strong><\/p>\n\n\n\n<p><a href=\"https:\/\/www.radiofrance.fr\/franceculture\/podcasts\/allons-y-voir\/comme-un-vent-de-folie-la-lithotomie-de-bosch-3321751\">https:\/\/www.radiofrance.fr\/franceculture\/podcasts\/allons-y-voir\/comme-un-vent-de-folie-la-lithotomie-de-bosch-3321751<\/a><\/p>\n\n\n<div class=\"kk-star-ratings kksr-auto kksr-align-left kksr-valign-bottom\"\n    data-payload='{&quot;align&quot;:&quot;left&quot;,&quot;id&quot;:&quot;1426&quot;,&quot;slug&quot;:&quot;default&quot;,&quot;valign&quot;:&quot;bottom&quot;,&quot;ignore&quot;:&quot;&quot;,&quot;reference&quot;:&quot;auto&quot;,&quot;class&quot;:&quot;&quot;,&quot;count&quot;:&quot;3&quot;,&quot;legendonly&quot;:&quot;&quot;,&quot;readonly&quot;:&quot;&quot;,&quot;score&quot;:&quot;3&quot;,&quot;starsonly&quot;:&quot;&quot;,&quot;best&quot;:&quot;5&quot;,&quot;gap&quot;:&quot;4&quot;,&quot;greet&quot;:&quot;Votez&quot;,&quot;legend&quot;:&quot;3\\\/5 - (3 votes)&quot;,&quot;size&quot;:&quot;18&quot;,&quot;title&quot;:&quot;Au jeu d\u2019\u00e9checs , les fous sont les plus pr\u00e8s du roi\u00a0&quot;,&quot;width&quot;:&quot;64&quot;,&quot;_legend&quot;:&quot;{score}\\\/{best} - ({count} {votes})&quot;,&quot;font_factor&quot;:&quot;1.25&quot;}'>\n            \n<div class=\"kksr-stars\">\n    \n<div class=\"kksr-stars-inactive\">\n            <div class=\"kksr-star\" data-star=\"1\" style=\"padding-right: 4px\">\n            \n\n<div class=\"kksr-icon\" style=\"width: 18px; height: 18px;\"><\/div>\n        <\/div>\n            <div class=\"kksr-star\" data-star=\"2\" style=\"padding-right: 4px\">\n            \n\n<div class=\"kksr-icon\" style=\"width: 18px; height: 18px;\"><\/div>\n        <\/div>\n            <div class=\"kksr-star\" data-star=\"3\" style=\"padding-right: 4px\">\n            \n\n<div class=\"kksr-icon\" style=\"width: 18px; height: 18px;\"><\/div>\n        <\/div>\n            <div class=\"kksr-star\" data-star=\"4\" style=\"padding-right: 4px\">\n            \n\n<div class=\"kksr-icon\" style=\"width: 18px; height: 18px;\"><\/div>\n        <\/div>\n            <div class=\"kksr-star\" data-star=\"5\" style=\"padding-right: 4px\">\n            \n\n<div class=\"kksr-icon\" style=\"width: 18px; height: 18px;\"><\/div>\n        <\/div>\n    <\/div>\n    \n<div class=\"kksr-stars-active\" style=\"width: 64px;\">\n            <div class=\"kksr-star\" style=\"padding-right: 4px\">\n            \n\n<div class=\"kksr-icon\" style=\"width: 18px; height: 18px;\"><\/div>\n        <\/div>\n            <div class=\"kksr-star\" style=\"padding-right: 4px\">\n            \n\n<div class=\"kksr-icon\" style=\"width: 18px; height: 18px;\"><\/div>\n        <\/div>\n            <div class=\"kksr-star\" style=\"padding-right: 4px\">\n            \n\n<div class=\"kksr-icon\" style=\"width: 18px; height: 18px;\"><\/div>\n        <\/div>\n            <div class=\"kksr-star\" style=\"padding-right: 4px\">\n            \n\n<div class=\"kksr-icon\" style=\"width: 18px; height: 18px;\"><\/div>\n        <\/div>\n            <div class=\"kksr-star\" style=\"padding-right: 4px\">\n            \n\n<div class=\"kksr-icon\" style=\"width: 18px; height: 18px;\"><\/div>\n        <\/div>\n    <\/div>\n<\/div>\n                \n\n<div class=\"kksr-legend\" style=\"font-size: 14.4px;\">\n            3\/5 - (3 votes)    <\/div>\n    <\/div>\n","protected":false},"excerpt":{"rendered":"<p>La folie\u2026Elle n\u2019a cess\u00e9 de faire parler d\u2019elle au travers des si\u00e8clesCar, sans elle, sans un grain de folie, point de g\u00e9nie, et quel ennui !!! \u2666\ufe0f \u00ab\u00a0bouffon\u00a0\u00bb de l\u2019italien\u00a0buffone, lui-m\u00eame d\u00e9riv\u00e9 du radical\u00a0buff-\u00a0qui exprime le gonflement des joues\u2666\ufe0f \u00ab\u00a0Fou\u00a0\u00bb , t\u00eate aigu\u00eb, parce que la conformation \u00e9troite et conique\u00a0de\u00a0la\u00a0t\u00eate est le signe de l&rsquo;absence &hellip; <a href=\"https:\/\/la-petite-classe.com\/le-blog-de-la-prof\/au-jeu-dechecs-les-fous-sont-les-plus-pres-du-roi\/\" class=\"more-link\">Continue reading <span class=\"screen-reader-text\">Au jeu d\u2019\u00e9checs , les fous sont les plus pr\u00e8s du roi\u00a0<\/span><\/a><\/p>\n","protected":false},"author":1,"featured_media":1428,"comment_status":"open","ping_status":"open","sticky":false,"template":"","format":"standard","meta":{"_seopress_robots_primary_cat":"none","_seopress_titles_title":"","_seopress_titles_desc":"","_seopress_robots_index":"","_jetpack_memberships_contains_paid_content":false,"footnotes":""},"categories":[6],"tags":[353,10,351,350,11,118,9,355,356,14,73,352],"class_list":["post-1426","post","type-post","status-publish","format-standard","has-post-thumbnail","hentry","category-a-batons-rompus","tag-brueghel","tag-burgundy","tag-echecs","tag-fous","tag-french-lessons","tag-french-online","tag-french-total-immersion","tag-guignol-2","tag-marotte","tag-semur-en-auxois","tag-total-immersion","tag-yeronymus-bosch"],"jetpack_featured_media_url":"https:\/\/i0.wp.com\/la-petite-classe.com\/le-blog-de-la-prof\/wp-content\/uploads\/sites\/2\/2024\/11\/phonto.jpeg?fit=1090%2C1280&ssl=1","jetpack_sharing_enabled":true,"jetpack-related-posts":[],"_links":{"self":[{"href":"https:\/\/la-petite-classe.com\/le-blog-de-la-prof\/wp-json\/wp\/v2\/posts\/1426","targetHints":{"allow":["GET"]}}],"collection":[{"href":"https:\/\/la-petite-classe.com\/le-blog-de-la-prof\/wp-json\/wp\/v2\/posts"}],"about":[{"href":"https:\/\/la-petite-classe.com\/le-blog-de-la-prof\/wp-json\/wp\/v2\/types\/post"}],"author":[{"embeddable":true,"href":"https:\/\/la-petite-classe.com\/le-blog-de-la-prof\/wp-json\/wp\/v2\/users\/1"}],"replies":[{"embeddable":true,"href":"https:\/\/la-petite-classe.com\/le-blog-de-la-prof\/wp-json\/wp\/v2\/comments?post=1426"}],"version-history":[{"count":2,"href":"https:\/\/la-petite-classe.com\/le-blog-de-la-prof\/wp-json\/wp\/v2\/posts\/1426\/revisions"}],"predecessor-version":[{"id":1436,"href":"https:\/\/la-petite-classe.com\/le-blog-de-la-prof\/wp-json\/wp\/v2\/posts\/1426\/revisions\/1436"}],"wp:featuredmedia":[{"embeddable":true,"href":"https:\/\/la-petite-classe.com\/le-blog-de-la-prof\/wp-json\/wp\/v2\/media\/1428"}],"wp:attachment":[{"href":"https:\/\/la-petite-classe.com\/le-blog-de-la-prof\/wp-json\/wp\/v2\/media?parent=1426"}],"wp:term":[{"taxonomy":"category","embeddable":true,"href":"https:\/\/la-petite-classe.com\/le-blog-de-la-prof\/wp-json\/wp\/v2\/categories?post=1426"},{"taxonomy":"post_tag","embeddable":true,"href":"https:\/\/la-petite-classe.com\/le-blog-de-la-prof\/wp-json\/wp\/v2\/tags?post=1426"}],"curies":[{"name":"wp","href":"https:\/\/api.w.org\/{rel}","templated":true}]}}