{"id":1358,"date":"2024-06-06T15:34:11","date_gmt":"2024-06-06T13:34:11","guid":{"rendered":"https:\/\/la-petite-classe.com\/le-blog-de-la-prof\/?p=1358"},"modified":"2024-06-27T12:16:04","modified_gmt":"2024-06-27T10:16:04","slug":"la-chauve-souris-nest-pas-un-oiseau-mais-elle-ne-le-sait-pas-et-elle-continue-de-voler-et-de-pondre-des-oeufs-francois-cavanna","status":"publish","type":"post","link":"https:\/\/la-petite-classe.com\/le-blog-de-la-prof\/la-chauve-souris-nest-pas-un-oiseau-mais-elle-ne-le-sait-pas-et-elle-continue-de-voler-et-de-pondre-des-oeufs-francois-cavanna\/","title":{"rendered":"La chauve-souris n&rsquo;est pas un oiseau mais elle ne le sait pas et elle continue de voler et de pondre des oeufs. Fran\u00e7ois CAVANNA.\u00a0\u00a0"},"content":{"rendered":"<div class=\"wp-block-image\">\n<figure class=\"aligncenter size-large is-resized\"><img data-recalc-dims=\"1\" loading=\"lazy\" decoding=\"async\" width=\"697\" height=\"1024\" src=\"https:\/\/i0.wp.com\/la-petite-classe.com\/le-blog-de-la-prof\/wp-content\/uploads\/sites\/2\/2024\/06\/image.jpeg?resize=697%2C1024&#038;ssl=1\" alt=\"\" class=\"wp-image-1360\" style=\"width:709px;height:auto\" srcset=\"https:\/\/i0.wp.com\/la-petite-classe.com\/le-blog-de-la-prof\/wp-content\/uploads\/sites\/2\/2024\/06\/image.jpeg?resize=697%2C1024&amp;ssl=1 697w, https:\/\/i0.wp.com\/la-petite-classe.com\/le-blog-de-la-prof\/wp-content\/uploads\/sites\/2\/2024\/06\/image.jpeg?resize=204%2C300&amp;ssl=1 204w, https:\/\/i0.wp.com\/la-petite-classe.com\/le-blog-de-la-prof\/wp-content\/uploads\/sites\/2\/2024\/06\/image.jpeg?resize=768%2C1128&amp;ssl=1 768w, https:\/\/i0.wp.com\/la-petite-classe.com\/le-blog-de-la-prof\/wp-content\/uploads\/sites\/2\/2024\/06\/image.jpeg?resize=1046%2C1536&amp;ssl=1 1046w, https:\/\/i0.wp.com\/la-petite-classe.com\/le-blog-de-la-prof\/wp-content\/uploads\/sites\/2\/2024\/06\/image.jpeg?w=1080&amp;ssl=1 1080w\" sizes=\"auto, (max-width: 697px) 100vw, 697px\" \/><\/figure>\n<\/div>\n\n\n<p>Je me nourris exclusivement d\u2019insectes, je ne bois pas de sang : ce n&rsquo;est qu&rsquo;un mythe. Et je suis votre amie, la pipistrelle qui mange jusqu\u2019\u00e0 3 000 insectes chaque nuit d\u2019\u00e9t\u00e9. Ne suis-je pas jolie ?\u00a0<\/p>\n\n\n\n<p>Pourtant, depuis toujours, animal myst\u00e9rieux, je frappe votre imagination et je suscite peur et r\u00e9pulsion\u2026 Vous me pr\u00eatez des pouvoirs mal\u00e9fiques. Au Moyen-\u00c2ge, vous me surnommiez \u00ab supp\u00f4t de satan \u00bb et me clouiez aux portes des granges pour \u00e9loigner sorci\u00e8res ou vampires !<\/p>\n\n\n\n<h2 class=\"wp-block-heading has-text-align-center\"><strong>Contes et l\u00e9gendes<\/strong>\u00a0<strong>de chauves-souris<\/strong><\/h2>\n\n\n\n<p>Il y en a heureusement vraiment pour vous aider \u00e0 m\u2019aimer.<\/p>\n\n\n\n<h3 class=\"wp-block-heading has-text-align-center\"><strong>Ma l\u00e9gende pr\u00e9f\u00e9r\u00e9e, celle de mon origine<\/strong><\/h3>\n\n\n\n<p>La nuit s\u2019use \u00e0 force de servir. Elle ne s\u2019use point par le haut, dans ses \u00e9toiles. Elle s\u2019use comme une robe qui tra\u00eene \u00e0 terre, entre les cailloux et les arbres, jusqu\u2019au fond des tunnels malsains et des caves humides.<br>Il n\u2019est pas de coin o\u00f9 ne p\u00e9n\u00e8tre un pan de nuit. L\u2019\u00e9pine le cr\u00e8ve, les froids le gercent, la boue le g\u00e2te. Et chaque matin, quand la nuit remonte, des loques s\u2019en d\u00e9tachent, accroch\u00e9es au hasard.<\/p>\n\n\n\n<p class=\"has-text-align-center\">Ainsi naissent les chauves-souris.<\/p>\n\n\n\n<p>Et elles doivent \u00e0 cette origine ne pouvoir supporter l\u2019\u00e9clat du jour.<br>Filles de la nuit, elles ne d\u00e9testent que les lumi\u00e8res, et, du fr\u00f4lement de leurs petits ch\u00e2les fun\u00e8bres, elles cherchent des bougies \u00e0 souffler.<\/p>\n\n\n\n<p><a href=\"http:\/\/pestoune.kazeo.com\/jules-renard-histoires-naturelles-extraits-ii-a126039058\" target=\"_blank\" rel=\"noreferrer noopener\"><em>Extrait des histoires naturelles de Jules Renard<\/em><\/a> <\/p>\n\n\n<div class=\"wp-block-image\">\n<figure class=\"aligncenter size-large is-resized\"><img data-recalc-dims=\"1\" loading=\"lazy\" decoding=\"async\" width=\"792\" height=\"446\" src=\"https:\/\/i0.wp.com\/la-petite-classe.com\/le-blog-de-la-prof\/wp-content\/uploads\/sites\/2\/2024\/06\/image-1.jpeg?resize=792%2C446&#038;ssl=1\" alt=\"\" class=\"wp-image-1361\" style=\"width:840px;height:auto\" srcset=\"https:\/\/i0.wp.com\/la-petite-classe.com\/le-blog-de-la-prof\/wp-content\/uploads\/sites\/2\/2024\/06\/image-1.jpeg?resize=1024%2C576&amp;ssl=1 1024w, https:\/\/i0.wp.com\/la-petite-classe.com\/le-blog-de-la-prof\/wp-content\/uploads\/sites\/2\/2024\/06\/image-1.jpeg?resize=300%2C169&amp;ssl=1 300w, https:\/\/i0.wp.com\/la-petite-classe.com\/le-blog-de-la-prof\/wp-content\/uploads\/sites\/2\/2024\/06\/image-1.jpeg?resize=768%2C432&amp;ssl=1 768w, https:\/\/i0.wp.com\/la-petite-classe.com\/le-blog-de-la-prof\/wp-content\/uploads\/sites\/2\/2024\/06\/image-1.jpeg?resize=1536%2C864&amp;ssl=1 1536w, https:\/\/i0.wp.com\/la-petite-classe.com\/le-blog-de-la-prof\/wp-content\/uploads\/sites\/2\/2024\/06\/image-1.jpeg?w=1920&amp;ssl=1 1920w\" sizes=\"auto, (max-width: 792px) 100vw, 792px\" \/><\/figure>\n<\/div>\n\n\n<h3 class=\"wp-block-heading has-text-align-center\"><strong>Les Minyades : des chauve-souris dans la mythologie grecque &#8211; Minyades<\/strong><\/h3>\n\n\n\n<p>La mythologie grecque n\u2019est pas reste qui me pr\u00eate des origines divines, moins sympathiques toutefois :<\/p>\n\n\n\n<p>Les\u00a0<strong>Minyades<\/strong>, filles du roi Minyas\u00a0d&rsquo;Orchom\u00e8ne de B\u00e9otie, cit\u00e9 grecque situ\u00e9e \u00e0 l&#8217;embouchure d&rsquo;une rivi\u00e8re dans laquelle finissait l\u2019Hippocr\u00e8ne, lieu de pr\u00e9dilection des Muses, dans les \u00e9crits des po\u00e8tes.<br>Elles \u00e9taient trois: Leucipp\u00e9 (\u039b\u03b5\u03c5\u03c7\u03af\u03c0\u03c0\u03b7), Arsino\u00e9 (\u0386\u03c1\u03c3\u03b9\u03bd\u03cc\u03b7) et Alcatho\u00e9 (\u0386\u03bb\u03c7\u03b1\u03b8\u03cc\u03b7). Selon la l\u00e9gende, elles refus\u00e8rent de se rendre \u00e0 des bacchanales et de s\u2019adonner au culte de Dyonisos. Pour se venger le dieu les punit en les frappant de folie. elles d\u00e9membr\u00e8rent Hippase, le jeune fils de Leucipp\u00e9 et furent alors\u00a0transform\u00e9es en corbeau, chauve-souris et hibou. Ce crime sanglant et son expiation sont \u00e0 la base de la f\u00eate b\u00e9otienne des\u00a0<a href=\"https:\/\/fr.wikipedia.org\/wiki\/Agrionies\">Agrionies<\/a>, qui \u00e9voquaient le caract\u00e8re cruel et f\u00e9roce du dieu Dionysos.<\/p>\n\n\n<div class=\"wp-block-image\">\n<figure class=\"aligncenter size-large is-resized\"><img data-recalc-dims=\"1\" loading=\"lazy\" decoding=\"async\" width=\"792\" height=\"557\" src=\"https:\/\/i0.wp.com\/la-petite-classe.com\/le-blog-de-la-prof\/wp-content\/uploads\/sites\/2\/2024\/06\/image-2.jpeg?resize=792%2C557&#038;ssl=1\" alt=\"\" class=\"wp-image-1362\" style=\"width:840px;height:auto\" srcset=\"https:\/\/i0.wp.com\/la-petite-classe.com\/le-blog-de-la-prof\/wp-content\/uploads\/sites\/2\/2024\/06\/image-2.jpeg?resize=1024%2C720&amp;ssl=1 1024w, https:\/\/i0.wp.com\/la-petite-classe.com\/le-blog-de-la-prof\/wp-content\/uploads\/sites\/2\/2024\/06\/image-2.jpeg?resize=300%2C211&amp;ssl=1 300w, https:\/\/i0.wp.com\/la-petite-classe.com\/le-blog-de-la-prof\/wp-content\/uploads\/sites\/2\/2024\/06\/image-2.jpeg?resize=768%2C540&amp;ssl=1 768w, https:\/\/i0.wp.com\/la-petite-classe.com\/le-blog-de-la-prof\/wp-content\/uploads\/sites\/2\/2024\/06\/image-2.jpeg?w=1386&amp;ssl=1 1386w\" sizes=\"auto, (max-width: 792px) 100vw, 792px\" \/><\/figure>\n<\/div>\n\n\n<h3 class=\"wp-block-heading has-text-align-center\"><strong>H\u00e9ro\u00efne dans le Levant espagnol<\/strong><\/h3>\n\n\n\n<p>Je figure dans le blason, dans les armes, sur l&rsquo;\u00e9tendard, sur les monuments, les m\u00e9dailles, les monnaies et beaucoup d&rsquo;autres objets, comme les plaques d&rsquo;\u00e9gouts, notamment dans les provinces de Valence, d&rsquo;Albac\u00e8te, de Teruel et de Majorque.<\/p>\n\n\n\n<p>En effet, Jacques Ier le Conqu\u00e9rant (1208-1276), roi d&rsquo;Aragon, oppos\u00e9 aux Maures \u00e0 Buirana pr\u00e8s de Valence, vit entrer une chauve-souris \u00ab rat-penat \u00bb dans la tente royale o\u00f9 elle se mit \u00e0 crier. Il est aussi rapport\u00e9 qu&rsquo;une sentinelle des troupes royales, r\u00e9veill\u00e9e par une chauve-souris, pr\u00e9vint toute la garnison; les Maures, alert\u00e9s \u00e0 leur tour, prirent la chose pour un mauvais pr\u00e9sage, et apr\u00e8s six si\u00e8cles de pr\u00e9sence partirent d\u00e9finitivement sans combat.<br>Le roi prit cela pour un bon augure et il estima que la chauve-souris m\u00e9ritait d&rsquo;occuper une place d&rsquo;honneur.<br>Apr\u00e8s le d\u00e9part des Maures, Jacques Ier mit la chauve-souris au plus haut de son \u00e9tendard.<\/p>\n\n\n\n<p>Il n&rsquo;y a rien d&rsquo;\u00e9tonnant \u00e0 ce que la chauve-souris ait jou\u00e9 un r\u00f4le important dans le d\u00e9roulement de ces \u00e9v\u00e9nements, surtout quand on sait que dans une partie du monde, cet animal est le symbole du bonheur, de la chance, de la long\u00e9vit\u00e9 et de bien d&rsquo;autres qualit\u00e9s, alors qu&rsquo;ailleurs, c&rsquo;est un signe de mauvais augure, de mort, de t\u00e9n\u00e8bres et toutes autres calamit\u00e9s.<\/p>\n\n\n\n<figure class=\"wp-block-gallery has-nested-images columns-default is-cropped wp-block-gallery-1 is-layout-flex wp-block-gallery-is-layout-flex\"><div class=\"wp-block-image\">\n<figure class=\"aligncenter size-full\"><img data-recalc-dims=\"1\" loading=\"lazy\" decoding=\"async\" width=\"194\" height=\"259\" data-id=\"1363\" src=\"https:\/\/i0.wp.com\/la-petite-classe.com\/le-blog-de-la-prof\/wp-content\/uploads\/sites\/2\/2024\/06\/IMG_2535.jpeg?resize=194%2C259&#038;ssl=1\" alt=\"\" class=\"wp-image-1363\"\/><\/figure>\n<\/div>\n\n\n<figure class=\"wp-block-image size-large\"><img data-recalc-dims=\"1\" loading=\"lazy\" decoding=\"async\" width=\"792\" height=\"513\" data-id=\"1364\" src=\"https:\/\/i0.wp.com\/la-petite-classe.com\/le-blog-de-la-prof\/wp-content\/uploads\/sites\/2\/2024\/06\/phonto.jpeg?resize=792%2C513&#038;ssl=1\" alt=\"\" class=\"wp-image-1364\" srcset=\"https:\/\/i0.wp.com\/la-petite-classe.com\/le-blog-de-la-prof\/wp-content\/uploads\/sites\/2\/2024\/06\/phonto.jpeg?resize=1024%2C663&amp;ssl=1 1024w, https:\/\/i0.wp.com\/la-petite-classe.com\/le-blog-de-la-prof\/wp-content\/uploads\/sites\/2\/2024\/06\/phonto.jpeg?resize=300%2C194&amp;ssl=1 300w, https:\/\/i0.wp.com\/la-petite-classe.com\/le-blog-de-la-prof\/wp-content\/uploads\/sites\/2\/2024\/06\/phonto.jpeg?resize=768%2C498&amp;ssl=1 768w, https:\/\/i0.wp.com\/la-petite-classe.com\/le-blog-de-la-prof\/wp-content\/uploads\/sites\/2\/2024\/06\/phonto.jpeg?w=1170&amp;ssl=1 1170w\" sizes=\"auto, (max-width: 792px) 100vw, 792px\" \/><\/figure>\n<\/figure>\n\n\n\n<h3 class=\"wp-block-heading has-text-align-center\"><strong>Mais qui suis-je vraiment ?&nbsp;<\/strong><\/h3>\n\n\n\n<p>Si vous voulez me d\u00e9couvrir vraiment et en finir avec vos craintes lorsque vous me voyez, consultez ces articles tr\u00e8s int\u00e9ressants\u00a0<\/p>\n\n\n\n<p><em><a href=\"https:\/\/sos-naturenvironnement.fr\/exposition\/chauves-souris\" target=\"_blank\" rel=\"noreferrer noopener\">la vie des chauves-souris<\/a><\/em><\/p>\n\n\n\n<p><em><a href=\"http:\/\/dsne.chez-alice.fr\/chiro\/chiro04.htm\" target=\"_blank\" rel=\"noreferrer noopener\">et autres mythes<\/a><\/em> <\/p>\n\n\n<div class=\"wp-block-image\">\n<figure class=\"aligncenter size-large\"><img data-recalc-dims=\"1\" loading=\"lazy\" decoding=\"async\" width=\"792\" height=\"244\" src=\"https:\/\/i0.wp.com\/la-petite-classe.com\/le-blog-de-la-prof\/wp-content\/uploads\/sites\/2\/2024\/06\/image-3.jpeg?resize=792%2C244&#038;ssl=1\" alt=\"\" class=\"wp-image-1365\" srcset=\"https:\/\/i0.wp.com\/la-petite-classe.com\/le-blog-de-la-prof\/wp-content\/uploads\/sites\/2\/2024\/06\/image-3.jpeg?resize=1024%2C316&amp;ssl=1 1024w, https:\/\/i0.wp.com\/la-petite-classe.com\/le-blog-de-la-prof\/wp-content\/uploads\/sites\/2\/2024\/06\/image-3.jpeg?resize=300%2C92&amp;ssl=1 300w, https:\/\/i0.wp.com\/la-petite-classe.com\/le-blog-de-la-prof\/wp-content\/uploads\/sites\/2\/2024\/06\/image-3.jpeg?resize=768%2C237&amp;ssl=1 768w, https:\/\/i0.wp.com\/la-petite-classe.com\/le-blog-de-la-prof\/wp-content\/uploads\/sites\/2\/2024\/06\/image-3.jpeg?w=1142&amp;ssl=1 1142w\" sizes=\"auto, (max-width: 792px) 100vw, 792px\" \/><\/figure>\n<\/div>\n\n\n<p>\ud83d\ude09<em> <\/em><em><a href=\"https:\/\/musees.marseille.fr\/sites\/default\/files\/2020-11\/chauve-souris.pdf\" target=\"_blank\" rel=\"noreferrer noopener\">Ou encore , savoir pourquoi je dors la t\u00eate en bas <\/a><\/em>.<\/p>\n\n\n<div class=\"wp-block-image\">\n<figure class=\"aligncenter size-large\"><img data-recalc-dims=\"1\" loading=\"lazy\" decoding=\"async\" width=\"681\" height=\"1024\" src=\"https:\/\/i0.wp.com\/la-petite-classe.com\/le-blog-de-la-prof\/wp-content\/uploads\/sites\/2\/2024\/06\/image-4.jpeg?resize=681%2C1024&#038;ssl=1\" alt=\"\" class=\"wp-image-1366\" srcset=\"https:\/\/i0.wp.com\/la-petite-classe.com\/le-blog-de-la-prof\/wp-content\/uploads\/sites\/2\/2024\/06\/image-4.jpeg?resize=681%2C1024&amp;ssl=1 681w, https:\/\/i0.wp.com\/la-petite-classe.com\/le-blog-de-la-prof\/wp-content\/uploads\/sites\/2\/2024\/06\/image-4.jpeg?resize=199%2C300&amp;ssl=1 199w, https:\/\/i0.wp.com\/la-petite-classe.com\/le-blog-de-la-prof\/wp-content\/uploads\/sites\/2\/2024\/06\/image-4.jpeg?resize=768%2C1156&amp;ssl=1 768w, https:\/\/i0.wp.com\/la-petite-classe.com\/le-blog-de-la-prof\/wp-content\/uploads\/sites\/2\/2024\/06\/image-4.jpeg?resize=1021%2C1536&amp;ssl=1 1021w, https:\/\/i0.wp.com\/la-petite-classe.com\/le-blog-de-la-prof\/wp-content\/uploads\/sites\/2\/2024\/06\/image-4.jpeg?w=1080&amp;ssl=1 1080w\" sizes=\"auto, (max-width: 681px) 100vw, 681px\" \/><\/figure>\n<\/div>\n\n\n<p class=\"has-text-align-center\"><strong><em>Si vous lisez toutes ces belles l\u00e9gendes \u00e0 vos enfants, ils apprendront \u00e0 m\u2019aimer et \u00e0 me prot\u00e9ger.<\/em><\/strong><\/p>\n\n\n\n<h3 class=\"wp-block-heading has-text-align-center\">Et La Fontaine lui-m\u00eame m\u2019a consacr\u00e9 une fable<\/h3>\n\n\n<div class=\"wp-block-image\">\n<figure class=\"aligncenter size-large is-resized\"><img data-recalc-dims=\"1\" loading=\"lazy\" decoding=\"async\" width=\"792\" height=\"601\" src=\"https:\/\/i0.wp.com\/la-petite-classe.com\/le-blog-de-la-prof\/wp-content\/uploads\/sites\/2\/2024\/06\/IMG_3504.jpeg?resize=792%2C601&#038;ssl=1\" alt=\"\" class=\"wp-image-1367\" style=\"width:840px;height:auto\" srcset=\"https:\/\/i0.wp.com\/la-petite-classe.com\/le-blog-de-la-prof\/wp-content\/uploads\/sites\/2\/2024\/06\/IMG_3504.jpeg?resize=1024%2C777&amp;ssl=1 1024w, https:\/\/i0.wp.com\/la-petite-classe.com\/le-blog-de-la-prof\/wp-content\/uploads\/sites\/2\/2024\/06\/IMG_3504.jpeg?resize=300%2C228&amp;ssl=1 300w, https:\/\/i0.wp.com\/la-petite-classe.com\/le-blog-de-la-prof\/wp-content\/uploads\/sites\/2\/2024\/06\/IMG_3504.jpeg?resize=768%2C583&amp;ssl=1 768w, https:\/\/i0.wp.com\/la-petite-classe.com\/le-blog-de-la-prof\/wp-content\/uploads\/sites\/2\/2024\/06\/IMG_3504.jpeg?w=1280&amp;ssl=1 1280w\" sizes=\"auto, (max-width: 792px) 100vw, 792px\" \/><\/figure>\n<\/div>\n\n\n<div style=\"height:57px\" aria-hidden=\"true\" class=\"wp-block-spacer\"><\/div>\n\n\n\n<p class=\"has-text-align-right\"><strong><em>\u00c0 bient\u00f4t !\ud83e\udd87\ud83e\udd87<\/em><\/strong><\/p>\n\n\n<div class=\"kk-star-ratings kksr-auto kksr-align-left kksr-valign-bottom\"\n    data-payload='{&quot;align&quot;:&quot;left&quot;,&quot;id&quot;:&quot;1358&quot;,&quot;slug&quot;:&quot;default&quot;,&quot;valign&quot;:&quot;bottom&quot;,&quot;ignore&quot;:&quot;&quot;,&quot;reference&quot;:&quot;auto&quot;,&quot;class&quot;:&quot;&quot;,&quot;count&quot;:&quot;1&quot;,&quot;legendonly&quot;:&quot;&quot;,&quot;readonly&quot;:&quot;&quot;,&quot;score&quot;:&quot;5&quot;,&quot;starsonly&quot;:&quot;&quot;,&quot;best&quot;:&quot;5&quot;,&quot;gap&quot;:&quot;4&quot;,&quot;greet&quot;:&quot;Votez&quot;,&quot;legend&quot;:&quot;5\\\/5 - (1 vote)&quot;,&quot;size&quot;:&quot;18&quot;,&quot;title&quot;:&quot;La chauve-souris n\\u0026#039;est pas un oiseau mais elle ne le sait pas et elle continue de voler et de pondre des oeufs. Fran\u00e7ois CAVANNA.\u00a0\u00a0&quot;,&quot;width&quot;:&quot;108&quot;,&quot;_legend&quot;:&quot;{score}\\\/{best} - ({count} {votes})&quot;,&quot;font_factor&quot;:&quot;1.25&quot;}'>\n            \n<div class=\"kksr-stars\">\n    \n<div class=\"kksr-stars-inactive\">\n            <div class=\"kksr-star\" data-star=\"1\" style=\"padding-right: 4px\">\n            \n\n<div class=\"kksr-icon\" style=\"width: 18px; height: 18px;\"><\/div>\n        <\/div>\n            <div class=\"kksr-star\" data-star=\"2\" style=\"padding-right: 4px\">\n            \n\n<div class=\"kksr-icon\" style=\"width: 18px; height: 18px;\"><\/div>\n        <\/div>\n            <div class=\"kksr-star\" data-star=\"3\" style=\"padding-right: 4px\">\n            \n\n<div class=\"kksr-icon\" style=\"width: 18px; height: 18px;\"><\/div>\n        <\/div>\n            <div class=\"kksr-star\" data-star=\"4\" style=\"padding-right: 4px\">\n            \n\n<div class=\"kksr-icon\" style=\"width: 18px; height: 18px;\"><\/div>\n        <\/div>\n            <div class=\"kksr-star\" data-star=\"5\" style=\"padding-right: 4px\">\n            \n\n<div class=\"kksr-icon\" style=\"width: 18px; height: 18px;\"><\/div>\n        <\/div>\n    <\/div>\n    \n<div class=\"kksr-stars-active\" style=\"width: 108px;\">\n            <div class=\"kksr-star\" style=\"padding-right: 4px\">\n            \n\n<div class=\"kksr-icon\" style=\"width: 18px; height: 18px;\"><\/div>\n        <\/div>\n            <div class=\"kksr-star\" style=\"padding-right: 4px\">\n            \n\n<div class=\"kksr-icon\" style=\"width: 18px; height: 18px;\"><\/div>\n        <\/div>\n            <div class=\"kksr-star\" style=\"padding-right: 4px\">\n            \n\n<div class=\"kksr-icon\" style=\"width: 18px; height: 18px;\"><\/div>\n        <\/div>\n            <div class=\"kksr-star\" style=\"padding-right: 4px\">\n            \n\n<div class=\"kksr-icon\" style=\"width: 18px; height: 18px;\"><\/div>\n        <\/div>\n            <div class=\"kksr-star\" style=\"padding-right: 4px\">\n            \n\n<div class=\"kksr-icon\" style=\"width: 18px; height: 18px;\"><\/div>\n        <\/div>\n    <\/div>\n<\/div>\n                \n\n<div class=\"kksr-legend\" style=\"font-size: 14.4px;\">\n            5\/5 - (1 vote)    <\/div>\n    <\/div>\n","protected":false},"excerpt":{"rendered":"<p>Je me nourris exclusivement d\u2019insectes, je ne bois pas de sang : ce n&rsquo;est qu&rsquo;un mythe. Et je suis votre amie, la pipistrelle qui mange jusqu\u2019\u00e0 3 000 insectes chaque nuit d\u2019\u00e9t\u00e9. Ne suis-je pas jolie ?\u00a0 Pourtant, depuis toujours, animal myst\u00e9rieux, je frappe votre imagination et je suscite peur et r\u00e9pulsion\u2026 Vous me pr\u00eatez &hellip; <a href=\"https:\/\/la-petite-classe.com\/le-blog-de-la-prof\/la-chauve-souris-nest-pas-un-oiseau-mais-elle-ne-le-sait-pas-et-elle-continue-de-voler-et-de-pondre-des-oeufs-francois-cavanna\/\" class=\"more-link\">Continue reading <span class=\"screen-reader-text\">La chauve-souris n&rsquo;est pas un oiseau mais elle ne le sait pas et elle continue de voler et de pondre des oeufs. Fran\u00e7ois CAVANNA.\u00a0\u00a0<\/span><\/a><\/p>\n","protected":false},"author":1,"featured_media":0,"comment_status":"open","ping_status":"open","sticky":false,"template":"","format":"standard","meta":{"_seopress_robots_primary_cat":"none","_seopress_titles_title":"","_seopress_titles_desc":"","_seopress_robots_index":"","_jetpack_memberships_contains_paid_content":false,"footnotes":""},"categories":[6],"tags":[330,10,11,22,118,9,321,331,14,73],"class_list":["post-1358","post","type-post","status-publish","format-standard","hentry","category-a-batons-rompus","tag-bat","tag-burgundy","tag-french-lessons","tag-french-lessons-for-foreigners","tag-french-online","tag-french-total-immersion","tag-la-fontaine","tag-mythes","tag-semur-en-auxois","tag-total-immersion"],"jetpack_featured_media_url":"","jetpack_sharing_enabled":true,"jetpack-related-posts":[],"_links":{"self":[{"href":"https:\/\/la-petite-classe.com\/le-blog-de-la-prof\/wp-json\/wp\/v2\/posts\/1358","targetHints":{"allow":["GET"]}}],"collection":[{"href":"https:\/\/la-petite-classe.com\/le-blog-de-la-prof\/wp-json\/wp\/v2\/posts"}],"about":[{"href":"https:\/\/la-petite-classe.com\/le-blog-de-la-prof\/wp-json\/wp\/v2\/types\/post"}],"author":[{"embeddable":true,"href":"https:\/\/la-petite-classe.com\/le-blog-de-la-prof\/wp-json\/wp\/v2\/users\/1"}],"replies":[{"embeddable":true,"href":"https:\/\/la-petite-classe.com\/le-blog-de-la-prof\/wp-json\/wp\/v2\/comments?post=1358"}],"version-history":[{"count":2,"href":"https:\/\/la-petite-classe.com\/le-blog-de-la-prof\/wp-json\/wp\/v2\/posts\/1358\/revisions"}],"predecessor-version":[{"id":1371,"href":"https:\/\/la-petite-classe.com\/le-blog-de-la-prof\/wp-json\/wp\/v2\/posts\/1358\/revisions\/1371"}],"wp:attachment":[{"href":"https:\/\/la-petite-classe.com\/le-blog-de-la-prof\/wp-json\/wp\/v2\/media?parent=1358"}],"wp:term":[{"taxonomy":"category","embeddable":true,"href":"https:\/\/la-petite-classe.com\/le-blog-de-la-prof\/wp-json\/wp\/v2\/categories?post=1358"},{"taxonomy":"post_tag","embeddable":true,"href":"https:\/\/la-petite-classe.com\/le-blog-de-la-prof\/wp-json\/wp\/v2\/tags?post=1358"}],"curies":[{"name":"wp","href":"https:\/\/api.w.org\/{rel}","templated":true}]}}