{"id":1213,"date":"2023-09-08T15:22:19","date_gmt":"2023-09-08T13:22:19","guid":{"rendered":"https:\/\/la-petite-classe.com\/le-blog-de-la-prof\/?p=1213"},"modified":"2023-09-08T15:22:21","modified_gmt":"2023-09-08T13:22:21","slug":"la-plus-belle-parure-de-lhomme-est-dans-la-proprete-publilius-syrus-ier-s-av-j-c","status":"publish","type":"post","link":"https:\/\/la-petite-classe.com\/le-blog-de-la-prof\/la-plus-belle-parure-de-lhomme-est-dans-la-proprete-publilius-syrus-ier-s-av-j-c\/","title":{"rendered":"\u00ab\u00a0La plus belle parure de l&rsquo;homme est dans la propret\u00e9\u00a0\u00bb Publilius Syrus- Ier s. av. J.-C"},"content":{"rendered":"\n<figure class=\"wp-block-image size-full\"><img data-recalc-dims=\"1\" loading=\"lazy\" decoding=\"async\" width=\"792\" height=\"787\" src=\"https:\/\/i0.wp.com\/la-petite-classe.com\/le-blog-de-la-prof\/wp-content\/uploads\/sites\/2\/2023\/09\/image.jpeg?resize=792%2C787&#038;ssl=1\" alt=\"\" class=\"wp-image-1215\" srcset=\"https:\/\/i0.wp.com\/la-petite-classe.com\/le-blog-de-la-prof\/wp-content\/uploads\/sites\/2\/2023\/09\/image.jpeg?w=930&amp;ssl=1 930w, https:\/\/i0.wp.com\/la-petite-classe.com\/le-blog-de-la-prof\/wp-content\/uploads\/sites\/2\/2023\/09\/image.jpeg?resize=300%2C298&amp;ssl=1 300w, https:\/\/i0.wp.com\/la-petite-classe.com\/le-blog-de-la-prof\/wp-content\/uploads\/sites\/2\/2023\/09\/image.jpeg?resize=150%2C150&amp;ssl=1 150w, https:\/\/i0.wp.com\/la-petite-classe.com\/le-blog-de-la-prof\/wp-content\/uploads\/sites\/2\/2023\/09\/image.jpeg?resize=768%2C763&amp;ssl=1 768w\" sizes=\"auto, (max-width: 792px) 100vw, 792px\" \/><\/figure>\n\n\n\n<p>Les temp\u00e9ratures \u00e9lev\u00e9es de ces jours-ci m\u2019incitent \u00e0 parler de bains mais\u00a0elles me rendent paresseuse et je me suis content\u00e9e de vous transmettre le texte (am\u00e9lior\u00e9) de\u00a0<a href=\"https:\/\/passionmedievistes.fr\/cliches-6-salete-moyen-age\/\">https:\/\/passionmedievistes.fr\/cliches-6-salete-moyen-age\/<\/a><\/p>\n\n\n\n<h3 class=\"has-text-align-center wp-block-heading\">\u201cLes v\u00e9rit\u00e9s sont compliqu\u00e9es, les clich\u00e9s sont stables\u201d ORELSAN<\/h3>\n\n\n\n<p class=\"has-text-align-center\"><strong>Au Moyen \u00c2ge, les gens \u00e9taient sales, et l\u2019on se lavait rarement\u2026<\/strong>\u00a0<\/p>\n\n\n\n<p>C\u2019est certainement l\u2019une des id\u00e9es re\u00e7ues les plus tenaces concernant cette p\u00e9riode. On constate, en effet, une \u00e9volution dans les pratiques d\u2019hygi\u00e8ne\u00a0: les grands \u00e9tablissement thermaux que l\u2019on trouvait dans l\u2019Antiquit\u00e9 deviennent plus rares.\u00a0<br>Mais cela ne veut pas dire que les gens ont arr\u00eat\u00e9 de se laver\u00a0!<\/p>\n\n\n\n<h3 class=\"has-text-align-center wp-block-heading\">Bains publics et priv\u00e9s&nbsp;<\/h3>\n\n\n\n<p>Contrairement \u00e0 ce qu\u2019on croit, les personnes se lavaient assez fr\u00e9quemment au Moyen \u00c2ge, en fonction de leurs moyens. Les sources indiquent que les nouveaux n\u00e9s et enfants sont baign\u00e9s une \u00e0 deux fois par jour dans les milieux ais\u00e9s, ce qui n\u00e9cessitaient d\u2019avoir des pi\u00e8ces chauff\u00e9es en hiver. Dans les bains publics et \u00e9tuves collectives, les hommes et femmes pouvaient se laver en chemise.<\/p>\n\n\n<div class=\"wp-block-image\">\n<figure class=\"aligncenter size-full\"><img data-recalc-dims=\"1\" loading=\"lazy\" decoding=\"async\" width=\"673\" height=\"981\" src=\"https:\/\/i0.wp.com\/la-petite-classe.com\/le-blog-de-la-prof\/wp-content\/uploads\/sites\/2\/2023\/09\/image-1.jpeg?resize=673%2C981&#038;ssl=1\" alt=\"\" class=\"wp-image-1216\" srcset=\"https:\/\/i0.wp.com\/la-petite-classe.com\/le-blog-de-la-prof\/wp-content\/uploads\/sites\/2\/2023\/09\/image-1.jpeg?w=673&amp;ssl=1 673w, https:\/\/i0.wp.com\/la-petite-classe.com\/le-blog-de-la-prof\/wp-content\/uploads\/sites\/2\/2023\/09\/image-1.jpeg?resize=206%2C300&amp;ssl=1 206w\" sizes=\"auto, (max-width: 673px) 100vw, 673px\" \/><\/figure>\n<\/div>\n\n\n<p>Au Moyen \u00c2ge, le lien entre bonne hygi\u00e8ne et sant\u00e9 est clairement \u00e9tabli et les trait\u00e9s m\u00e9dicaux abordent cette question. L\u2019hygi\u00e8ne passait aussi par une bonne alimentation, comme en atteste certains ouvrages qui nous sont parvenus.<\/p>\n\n\n\n<p>Dans les faits, il est difficile de savoir avec certitude \u00e0 quelle fr\u00e9quence les gens se lavaient&nbsp;; il semble en tout cas que cela ne diff\u00e8re pas vraiment selon la classe sociale. Les riches ont des baignoires dans leurs chambres, les plus modestes peuvent utiliser l\u2019eau des rivi\u00e8res, et bien s\u00fbr, tout le monde peut se rendre aux bains publics. Si l\u2019on se fie aux recommandations des m\u00e9decins, et si on croise ces informations avec d\u2019autres sources (par exemple, les fabliaux) le bain appara\u00eet comme une pratique courante et hebdomadaire.<\/p>\n\n\n\n<p>Il est compl\u00e9t\u00e9 par une toilette quotidienne et minutieuse du corps, qui inclut le visage, les mains, les ongles, les parties intimes, les oreilles, etc. On est donc loin du \u00ab\u00a0bain pris il y a deux mois dans la rivi\u00e8re\u00a0\u00bb de Jacquouille la Fripouille\u00a0! On fait la chasse aux mauvaises odeurs gr\u00e2ce au savon, on utilise des poudres aromatiques, du shampoing qui peut \u00eatre \u00e0 base de cendres, d\u2019huiles et de diff\u00e9rentes plantes, le cumin, l\u2019anis ou le fenouil servent \u00e0 rafra\u00eechir l\u2019haleine. Les v\u00eatements sont aussi nettoy\u00e9s fr\u00e9quemment et on se parfume.<\/p>\n\n\n<div class=\"wp-block-image\">\n<figure class=\"aligncenter size-full\"><img data-recalc-dims=\"1\" loading=\"lazy\" decoding=\"async\" width=\"626\" height=\"777\" src=\"https:\/\/i0.wp.com\/la-petite-classe.com\/le-blog-de-la-prof\/wp-content\/uploads\/sites\/2\/2023\/09\/image-2.jpeg?resize=626%2C777&#038;ssl=1\" alt=\"\" class=\"wp-image-1218\" srcset=\"https:\/\/i0.wp.com\/la-petite-classe.com\/le-blog-de-la-prof\/wp-content\/uploads\/sites\/2\/2023\/09\/image-2.jpeg?w=626&amp;ssl=1 626w, https:\/\/i0.wp.com\/la-petite-classe.com\/le-blog-de-la-prof\/wp-content\/uploads\/sites\/2\/2023\/09\/image-2.jpeg?resize=242%2C300&amp;ssl=1 242w\" sizes=\"auto, (max-width: 626px) 100vw, 626px\" \/><\/figure>\n<\/div>\n\n\n<p>L\u2019Antiquit\u00e9 tardive et le Moyen \u00c2ge ont laiss\u00e9 de nombreux objets t\u00e9moignant du souci des hommes et des femmes de l\u2019\u00e9poque d\u2019embellir leur corps et d\u2019en prendre soin. L\u2019iconographie regorge de femmes au bain (principalement pour la fin du Moyen \u00c2ge). Les objets de toilette ou de parure sont tr\u00e8s vari\u00e9s, tant dans leurs mat\u00e9riaux que dans leur fonction ,le soin ou l\u2019ordonnancement de la chevelure, le parfum, le v\u00eatement, ou les soins du visage et du corps.<\/p>\n\n\n\n<p>Les produits pour les soins du corps au Moyen \u00c2ge sont faits \u00e0 partir d\u2019huiles v\u00e9g\u00e9tales, mais aussi d\u2019origine animales comme le lait d\u2019\u00e2nesse. Il existait d\u00e9j\u00e0 des savons venus d\u2019Orient comme le savon d\u2019Alep. Pour se coiffer beaucoup d\u2019outils sont utilis\u00e9s comme le peigne ou, moins connu, le gravoir, qui permettait de faire la raie de cheveux<\/p>\n\n\n<div class=\"wp-block-image\">\n<figure class=\"aligncenter size-full\"><img data-recalc-dims=\"1\" loading=\"lazy\" decoding=\"async\" width=\"539\" height=\"694\" src=\"https:\/\/i0.wp.com\/la-petite-classe.com\/le-blog-de-la-prof\/wp-content\/uploads\/sites\/2\/2023\/09\/image-3.jpeg?resize=539%2C694&#038;ssl=1\" alt=\"\" class=\"wp-image-1219\" srcset=\"https:\/\/i0.wp.com\/la-petite-classe.com\/le-blog-de-la-prof\/wp-content\/uploads\/sites\/2\/2023\/09\/image-3.jpeg?w=539&amp;ssl=1 539w, https:\/\/i0.wp.com\/la-petite-classe.com\/le-blog-de-la-prof\/wp-content\/uploads\/sites\/2\/2023\/09\/image-3.jpeg?resize=233%2C300&amp;ssl=1 233w\" sizes=\"auto, (max-width: 539px) 100vw, 539px\" \/><\/figure>\n<\/div>\n\n\n<p>C\u2019est \u00e0 partir de l\u2019\u00e9poque moderne que va appara\u00eetre une nouvelle pratique, celle de la \u00ab toilette s\u00e8che \u00bb : plut\u00f4t de prendre un bain, on pr\u00e9f\u00e8re frictionner son corps et se nettoyer avec une serviette humide qui essuie la salet\u00e9:<\/p>\n\n\n\n<p>Le Moyen-\u00e2ge d\u00e9bute quand l\u2019Antiquit\u00e9 finit en 476 apr\u00e8s J\u00e9sus-Christ. Le Moyen-\u00e2ge se divise en trois parties : le haut Moyen-\u00e2ge, le Moyen-\u00e2ge central et le bas Moyen-\u00e2ge. Il s\u2019ach\u00e8vera en 1492 avec la d\u00e9couverte de l\u2019Am\u00e9rique. <\/p>\n\n\n\n<p class=\"has-text-align-center\"><strong>C\u2019est alors le d\u00e9but de l\u2019\u00e9poque moderne.<\/strong><\/p>\n\n\n\n<div style=\"height:59px\" aria-hidden=\"true\" class=\"wp-block-spacer\"><\/div>\n\n\n\n<p class=\"has-text-align-right\"><strong><em>\u00c0 bient\u00f4t, dans 15 jours !\u00a0<\/em><\/strong>\ud83d\udec0\ud83c\udffd<\/p>\n\n\n<div class=\"kk-star-ratings kksr-auto kksr-align-left kksr-valign-bottom\"\n    data-payload='{&quot;align&quot;:&quot;left&quot;,&quot;id&quot;:&quot;1213&quot;,&quot;slug&quot;:&quot;default&quot;,&quot;valign&quot;:&quot;bottom&quot;,&quot;ignore&quot;:&quot;&quot;,&quot;reference&quot;:&quot;auto&quot;,&quot;class&quot;:&quot;&quot;,&quot;count&quot;:&quot;1&quot;,&quot;legendonly&quot;:&quot;&quot;,&quot;readonly&quot;:&quot;&quot;,&quot;score&quot;:&quot;5&quot;,&quot;starsonly&quot;:&quot;&quot;,&quot;best&quot;:&quot;5&quot;,&quot;gap&quot;:&quot;4&quot;,&quot;greet&quot;:&quot;Votez&quot;,&quot;legend&quot;:&quot;5\\\/5 - (1 vote)&quot;,&quot;size&quot;:&quot;18&quot;,&quot;title&quot;:&quot;\\u0026quot;La plus belle parure de l\\u0026#039;homme est dans la propret\u00e9\\u0026quot; Publilius Syrus- Ier s. av. J.-C&quot;,&quot;width&quot;:&quot;108&quot;,&quot;_legend&quot;:&quot;{score}\\\/{best} - ({count} {votes})&quot;,&quot;font_factor&quot;:&quot;1.25&quot;}'>\n            \n<div class=\"kksr-stars\">\n    \n<div class=\"kksr-stars-inactive\">\n            <div class=\"kksr-star\" data-star=\"1\" style=\"padding-right: 4px\">\n            \n\n<div class=\"kksr-icon\" style=\"width: 18px; height: 18px;\"><\/div>\n        <\/div>\n            <div class=\"kksr-star\" data-star=\"2\" style=\"padding-right: 4px\">\n            \n\n<div class=\"kksr-icon\" style=\"width: 18px; height: 18px;\"><\/div>\n        <\/div>\n            <div class=\"kksr-star\" data-star=\"3\" style=\"padding-right: 4px\">\n            \n\n<div class=\"kksr-icon\" style=\"width: 18px; height: 18px;\"><\/div>\n        <\/div>\n            <div class=\"kksr-star\" data-star=\"4\" style=\"padding-right: 4px\">\n            \n\n<div class=\"kksr-icon\" style=\"width: 18px; height: 18px;\"><\/div>\n        <\/div>\n            <div class=\"kksr-star\" data-star=\"5\" style=\"padding-right: 4px\">\n            \n\n<div class=\"kksr-icon\" style=\"width: 18px; height: 18px;\"><\/div>\n        <\/div>\n    <\/div>\n    \n<div class=\"kksr-stars-active\" style=\"width: 108px;\">\n            <div class=\"kksr-star\" style=\"padding-right: 4px\">\n            \n\n<div class=\"kksr-icon\" style=\"width: 18px; height: 18px;\"><\/div>\n        <\/div>\n            <div class=\"kksr-star\" style=\"padding-right: 4px\">\n            \n\n<div class=\"kksr-icon\" style=\"width: 18px; height: 18px;\"><\/div>\n        <\/div>\n            <div class=\"kksr-star\" style=\"padding-right: 4px\">\n            \n\n<div class=\"kksr-icon\" style=\"width: 18px; height: 18px;\"><\/div>\n        <\/div>\n            <div class=\"kksr-star\" style=\"padding-right: 4px\">\n            \n\n<div class=\"kksr-icon\" style=\"width: 18px; height: 18px;\"><\/div>\n        <\/div>\n            <div class=\"kksr-star\" style=\"padding-right: 4px\">\n            \n\n<div class=\"kksr-icon\" style=\"width: 18px; height: 18px;\"><\/div>\n        <\/div>\n    <\/div>\n<\/div>\n                \n\n<div class=\"kksr-legend\" style=\"font-size: 14.4px;\">\n            5\/5 - (1 vote)    <\/div>\n    <\/div>\n","protected":false},"excerpt":{"rendered":"<p>Les temp\u00e9ratures \u00e9lev\u00e9es de ces jours-ci m\u2019incitent \u00e0 parler de bains mais\u00a0elles me rendent paresseuse et je me suis content\u00e9e de vous transmettre le texte (am\u00e9lior\u00e9) de\u00a0https:\/\/passionmedievistes.fr\/cliches-6-salete-moyen-age\/ \u201cLes v\u00e9rit\u00e9s sont compliqu\u00e9es, les clich\u00e9s sont stables\u201d ORELSAN Au Moyen \u00c2ge, les gens \u00e9taient sales, et l\u2019on se lavait rarement\u2026\u00a0 C\u2019est certainement l\u2019une des id\u00e9es re\u00e7ues les &hellip; <a href=\"https:\/\/la-petite-classe.com\/le-blog-de-la-prof\/la-plus-belle-parure-de-lhomme-est-dans-la-proprete-publilius-syrus-ier-s-av-j-c\/\" class=\"more-link\">Continue reading <span class=\"screen-reader-text\">\u00ab\u00a0La plus belle parure de l&rsquo;homme est dans la propret\u00e9\u00a0\u00bb Publilius Syrus- Ier s. av. J.-C<\/span><\/a><\/p>\n","protected":false},"author":1,"featured_media":0,"comment_status":"open","ping_status":"open","sticky":false,"template":"","format":"standard","meta":{"_seopress_robots_primary_cat":"none","_seopress_titles_title":"","_seopress_titles_desc":"","_seopress_robots_index":"","_jetpack_memberships_contains_paid_content":false,"footnotes":""},"categories":[6],"tags":[286,288,10,290,287,22,118,9,289,285,14,73],"class_list":["post-1213","post","type-post","status-publish","format-standard","hentry","category-a-batons-rompus","tag-bains","tag-beaute","tag-burgundy","tag-cluny","tag-etuve","tag-french-lessons-for-foreigners","tag-french-online","tag-french-total-immersion","tag-hygiene","tag-moyen-age-2","tag-semur-en-auxois","tag-total-immersion"],"jetpack_featured_media_url":"","jetpack_sharing_enabled":true,"jetpack-related-posts":[],"_links":{"self":[{"href":"https:\/\/la-petite-classe.com\/le-blog-de-la-prof\/wp-json\/wp\/v2\/posts\/1213","targetHints":{"allow":["GET"]}}],"collection":[{"href":"https:\/\/la-petite-classe.com\/le-blog-de-la-prof\/wp-json\/wp\/v2\/posts"}],"about":[{"href":"https:\/\/la-petite-classe.com\/le-blog-de-la-prof\/wp-json\/wp\/v2\/types\/post"}],"author":[{"embeddable":true,"href":"https:\/\/la-petite-classe.com\/le-blog-de-la-prof\/wp-json\/wp\/v2\/users\/1"}],"replies":[{"embeddable":true,"href":"https:\/\/la-petite-classe.com\/le-blog-de-la-prof\/wp-json\/wp\/v2\/comments?post=1213"}],"version-history":[{"count":2,"href":"https:\/\/la-petite-classe.com\/le-blog-de-la-prof\/wp-json\/wp\/v2\/posts\/1213\/revisions"}],"predecessor-version":[{"id":1221,"href":"https:\/\/la-petite-classe.com\/le-blog-de-la-prof\/wp-json\/wp\/v2\/posts\/1213\/revisions\/1221"}],"wp:attachment":[{"href":"https:\/\/la-petite-classe.com\/le-blog-de-la-prof\/wp-json\/wp\/v2\/media?parent=1213"}],"wp:term":[{"taxonomy":"category","embeddable":true,"href":"https:\/\/la-petite-classe.com\/le-blog-de-la-prof\/wp-json\/wp\/v2\/categories?post=1213"},{"taxonomy":"post_tag","embeddable":true,"href":"https:\/\/la-petite-classe.com\/le-blog-de-la-prof\/wp-json\/wp\/v2\/tags?post=1213"}],"curies":[{"name":"wp","href":"https:\/\/api.w.org\/{rel}","templated":true}]}}