{"id":1160,"date":"2023-05-11T15:51:12","date_gmt":"2023-05-11T13:51:12","guid":{"rendered":"https:\/\/la-petite-classe.com\/le-blog-de-la-prof\/?p=1160"},"modified":"2023-05-11T15:51:14","modified_gmt":"2023-05-11T13:51:14","slug":"la-girafe-des-tours-j-carrera-andrade","status":"publish","type":"post","link":"https:\/\/la-petite-classe.com\/le-blog-de-la-prof\/la-girafe-des-tours-j-carrera-andrade\/","title":{"rendered":"La girafe des tours. (J.Carrera Andrade)\u00a0"},"content":{"rendered":"\n<figure class=\"wp-block-image size-full\"><img data-recalc-dims=\"1\" loading=\"lazy\" decoding=\"async\" width=\"792\" height=\"527\" src=\"https:\/\/i0.wp.com\/la-petite-classe.com\/le-blog-de-la-prof\/wp-content\/uploads\/sites\/2\/2023\/05\/image.jpeg?resize=792%2C527&#038;ssl=1\" alt=\"\" class=\"wp-image-1162\" srcset=\"https:\/\/i0.wp.com\/la-petite-classe.com\/le-blog-de-la-prof\/wp-content\/uploads\/sites\/2\/2023\/05\/image.jpeg?w=1024&amp;ssl=1 1024w, https:\/\/i0.wp.com\/la-petite-classe.com\/le-blog-de-la-prof\/wp-content\/uploads\/sites\/2\/2023\/05\/image.jpeg?resize=300%2C200&amp;ssl=1 300w, https:\/\/i0.wp.com\/la-petite-classe.com\/le-blog-de-la-prof\/wp-content\/uploads\/sites\/2\/2023\/05\/image.jpeg?resize=768%2C512&amp;ssl=1 768w\" sizes=\"auto, (max-width: 792px) 100vw, 792px\" \/><\/figure>\n\n\n\n<p>La \u00ab\u00a0vieille Dame\u00a0\u00bb ou \u00ab\u00a0la Dame de fer\u00a0\u00bb, surnoms affectueux que lui donnent les fran\u00e7ais, accompagne tous les \u00e9v\u00e9nements du pays.<br>En effet, d\u00e8s sa premi\u00e8re esquisse trac\u00e9e en 1884, la Tour Eiffel devait personnifier Paris et la France.<br>N\u2019oublions pas toutefois qu\u2019il s\u2019agissait \u00e9galement de c\u00e9l\u00e9brer le centenaire de la R\u00e9volution au milieu de vieux royaumes hostiles \u2013 Grande-Bretagne, Autriche-Hongrie\u2026 dont les souverains bouderont l\u2019Exposition universelle.\u00a0<\/p>\n\n\n\n<p>Depuis son inauguration le 31 mars 1889, comme \u00e9difice phare de l\u2019Exposition universelle, la tour Eiffel est de toutes les manifestations festives.\u00a0Et de tous les moments graves et forts pour la France,<\/p>\n\n\n\n<p>Par exemple, le 25\u00a0ao\u00fbt 1944, lors de la Lib\u00e9ration de Paris, un commando de pompiers se sont pr\u00e9cipit\u00e9s, tout au sommet, \u00e0 300 m\u00e8tres d\u2019altitude,pour d\u00e9crocher le drapeau nazi qui y flottait depuis quatre ans et le remplacer par un drapeau fran\u00e7ais confectionn\u00e9 dans la clandestinit\u00e9.<\/p>\n\n\n\n<p>La Tour a toujours port\u00e9 tant de symboles ! Romantisme pour les amoureux du monde entier, art de vivre, mais aussi g\u00e9nie industriel depuis que l\u2019ing\u00e9nieur Gustave Eiffel, expert de l\u2019architecture m\u00e9tallique, a r\u00e9ussi \u00e0 imposer ses plans \u00e0 une opinion au d\u00e9part inqui\u00e8te et partag\u00e9e sur cet \u00e9difice \u00e0 nul autre pareil.\u00a0N\u2019allait-il pas attirer les orages sur Paris\u00a0? D\u00e9figurer la ville\u00a0?<br>Les journaux dout\u00e8rent m\u00eame de la solidit\u00e9 du b\u00e2timent, et pari\u00e8rent sur son \u00e9chec \u00e0 coup de unes sensationnelles telles que \u00ab\u00a0Le Suicide Eiffel\u00a0\u00bb,d\u00e8s qu\u2019un \u00e9v\u00e8nement retardait la construction.\u00a0<br>Enfin, des habitants du quartier du\u00a0<a href=\"https:\/\/www.unjourdeplusaparis.com\/paris-vert\/champ-de-mars\">Champ de Mars<\/a>, effray\u00e9s par l\u2019id\u00e9e que la tour puisse leur tomber dessus, iront jusqu\u2019\u00e0 intenter\u00a0un proc\u00e8s \u00e0 l\u2019\u00c9tat !<\/p>\n\n\n<div class=\"wp-block-image\">\n<figure class=\"aligncenter size-full is-resized\"><img data-recalc-dims=\"1\" loading=\"lazy\" decoding=\"async\" src=\"https:\/\/i0.wp.com\/la-petite-classe.com\/le-blog-de-la-prof\/wp-content\/uploads\/sites\/2\/2023\/05\/image-1.jpeg?resize=538%2C331&#038;ssl=1\" alt=\"\" class=\"wp-image-1163\" width=\"538\" height=\"331\" srcset=\"https:\/\/i0.wp.com\/la-petite-classe.com\/le-blog-de-la-prof\/wp-content\/uploads\/sites\/2\/2023\/05\/image-1.jpeg?w=540&amp;ssl=1 540w, https:\/\/i0.wp.com\/la-petite-classe.com\/le-blog-de-la-prof\/wp-content\/uploads\/sites\/2\/2023\/05\/image-1.jpeg?resize=300%2C184&amp;ssl=1 300w\" sizes=\"auto, (max-width: 538px) 100vw, 538px\" \/><\/figure>\n<\/div>\n\n\n<p>Or, \u00e0 mesure que l\u2019\u00e9l\u00e9gant colosse s\u2019\u00e9l\u00e8ve, les critiques s\u2019apaisent.\u00a0Il fait si bien l\u2019unanimit\u00e9 que son d\u00e9montage, pr\u00e9vu pour 1909, n\u2019aura jamais lieu car l\u2019installation d\u2019une antenne de t\u00e9l\u00e9phonie sans fil \u00e0 partir de 1903 confirmera l\u2019int\u00e9r\u00eat public de la tour, et la n\u00e9cessit\u00e9 de la pr\u00e9server, et son succ\u00e8s aupr\u00e8s des touristes du monde entier se fera grandissant.<\/p>\n\n\n\n<p>Incroyable chantier qui, de d\u00e9cembre\u00a01887 \u00e0 mai 1889, anima le Champ- de-Mars et les bords de Seine\u00a0: en un temps record, bravant le froid et le vent, il fallut, aux ing\u00e9nieurs et aux 200 ouvriers, assembler gr\u00e2ce \u00e0 2\u00a0millions de rivets, les 18\u2009000 pi\u00e8ces m\u00e9talliques taill\u00e9es chacune au millim\u00e8tre pr\u00e8s\u00a0: la plate-forme du premier \u00e9tage devait \u00eatre absolument \u00e0 niveau pour \u00e9viter \u00e0 la Tour de pencher\u2026 Eiffel devait montrer au monde entier que la France \u00e9tait une puissance au g\u00e9nie in\u00e9gal\u00e9.<\/p>\n\n\n\n<figure class=\"wp-block-gallery alignwide has-nested-images columns-default is-cropped wp-block-gallery-1 is-layout-flex wp-block-gallery-is-layout-flex\">\n<figure class=\"wp-block-image size-full\"><img data-recalc-dims=\"1\" loading=\"lazy\" decoding=\"async\" width=\"600\" height=\"908\" data-id=\"1164\" src=\"https:\/\/i0.wp.com\/la-petite-classe.com\/le-blog-de-la-prof\/wp-content\/uploads\/sites\/2\/2023\/05\/5D5515A5-A8DC-48B6-8277-2C866CF0CDD5.jpeg?resize=600%2C908&#038;ssl=1\" alt=\"\" class=\"wp-image-1164\" srcset=\"https:\/\/i0.wp.com\/la-petite-classe.com\/le-blog-de-la-prof\/wp-content\/uploads\/sites\/2\/2023\/05\/5D5515A5-A8DC-48B6-8277-2C866CF0CDD5.jpeg?w=600&amp;ssl=1 600w, https:\/\/i0.wp.com\/la-petite-classe.com\/le-blog-de-la-prof\/wp-content\/uploads\/sites\/2\/2023\/05\/5D5515A5-A8DC-48B6-8277-2C866CF0CDD5.jpeg?resize=198%2C300&amp;ssl=1 198w\" sizes=\"auto, (max-width: 600px) 100vw, 600px\" \/><\/figure>\n\n\n\n<figure class=\"wp-block-image size-full\"><img data-recalc-dims=\"1\" loading=\"lazy\" decoding=\"async\" width=\"600\" height=\"800\" data-id=\"1165\" src=\"https:\/\/i0.wp.com\/la-petite-classe.com\/le-blog-de-la-prof\/wp-content\/uploads\/sites\/2\/2023\/05\/E9B361A7-5B94-4B93-A1A3-7D1901486D9A.jpeg?resize=600%2C800&#038;ssl=1\" alt=\"\" class=\"wp-image-1165\" srcset=\"https:\/\/i0.wp.com\/la-petite-classe.com\/le-blog-de-la-prof\/wp-content\/uploads\/sites\/2\/2023\/05\/E9B361A7-5B94-4B93-A1A3-7D1901486D9A.jpeg?w=600&amp;ssl=1 600w, https:\/\/i0.wp.com\/la-petite-classe.com\/le-blog-de-la-prof\/wp-content\/uploads\/sites\/2\/2023\/05\/E9B361A7-5B94-4B93-A1A3-7D1901486D9A.jpeg?resize=225%2C300&amp;ssl=1 225w\" sizes=\"auto, (max-width: 600px) 100vw, 600px\" \/><\/figure>\n<\/figure>\n\n\n\n<p>En Mars 1898, le plus gros de la structure \u00e9tait achev\u00e9, et le 31 mars Eiffel inaugura le monument en invitant le gouvernement et la presse au sommet de la tour.\u00a0<br>\u00c0 l\u2019ouverture de l\u2019Exposition Universelle, les ascenseurs ne fonctionnaient pas encore, ce qui n\u2019emp\u00eacha pas les 30 000 visiteurs quotidiens de gravir les 1 710 marches du g\u00e9ant de fer pour d\u00e9couvrir cette nouvelle attraction au coeur de Paris<\/p>\n\n\n\n<p>Rapidement devenu un symbole de Paris et de la France, ses d\u00e9tracteurs d\u2019origine&nbsp;reconnaitront le caract\u00e8re avant-gardiste de la tour, et, aujourd\u2019hui encore,&nbsp;la Tour Eiffel est&nbsp;le monument payant le plus visit\u00e9 au monde.<\/p>\n\n\n\n<figure class=\"wp-block-gallery alignwide has-nested-images columns-default is-cropped wp-block-gallery-2 is-layout-flex wp-block-gallery-is-layout-flex\">\n<figure class=\"wp-block-image size-large\"><img data-recalc-dims=\"1\" loading=\"lazy\" decoding=\"async\" width=\"710\" height=\"1024\" data-id=\"1166\" src=\"https:\/\/i0.wp.com\/la-petite-classe.com\/le-blog-de-la-prof\/wp-content\/uploads\/sites\/2\/2023\/05\/1DDD17BC-6471-4AD2-A001-544E6D4F360B.jpeg?resize=710%2C1024&#038;ssl=1\" alt=\"\" class=\"wp-image-1166\" srcset=\"https:\/\/i0.wp.com\/la-petite-classe.com\/le-blog-de-la-prof\/wp-content\/uploads\/sites\/2\/2023\/05\/1DDD17BC-6471-4AD2-A001-544E6D4F360B.jpeg?resize=710%2C1024&amp;ssl=1 710w, https:\/\/i0.wp.com\/la-petite-classe.com\/le-blog-de-la-prof\/wp-content\/uploads\/sites\/2\/2023\/05\/1DDD17BC-6471-4AD2-A001-544E6D4F360B.jpeg?resize=208%2C300&amp;ssl=1 208w, https:\/\/i0.wp.com\/la-petite-classe.com\/le-blog-de-la-prof\/wp-content\/uploads\/sites\/2\/2023\/05\/1DDD17BC-6471-4AD2-A001-544E6D4F360B.jpeg?w=716&amp;ssl=1 716w\" sizes=\"auto, (max-width: 710px) 100vw, 710px\" \/><\/figure>\n\n\n\n<figure class=\"wp-block-image size-full\"><img data-recalc-dims=\"1\" loading=\"lazy\" decoding=\"async\" width=\"600\" height=\"800\" data-id=\"1167\" src=\"https:\/\/i0.wp.com\/la-petite-classe.com\/le-blog-de-la-prof\/wp-content\/uploads\/sites\/2\/2023\/05\/B8BC7161-571C-4BDE-9200-AB161E7808AC.jpeg?resize=600%2C800&#038;ssl=1\" alt=\"\" class=\"wp-image-1167\" srcset=\"https:\/\/i0.wp.com\/la-petite-classe.com\/le-blog-de-la-prof\/wp-content\/uploads\/sites\/2\/2023\/05\/B8BC7161-571C-4BDE-9200-AB161E7808AC.jpeg?w=600&amp;ssl=1 600w, https:\/\/i0.wp.com\/la-petite-classe.com\/le-blog-de-la-prof\/wp-content\/uploads\/sites\/2\/2023\/05\/B8BC7161-571C-4BDE-9200-AB161E7808AC.jpeg?resize=225%2C300&amp;ssl=1 225w\" sizes=\"auto, (max-width: 600px) 100vw, 600px\" \/><\/figure>\n<\/figure>\n\n\n\n<h2 class=\"has-text-align-center wp-block-heading\"><strong>Quelques anecdotes sur la tour Eiffel.<\/strong><\/h2>\n\n\n\n<h4 class=\"has-text-align-center wp-block-heading\"><strong><em>Saviez-vous que l&#8217;embl\u00e9matique Tour Eiffel a failli \u00eatre construite dans le Bois de Boulogne ?<\/em><\/strong><\/h4>\n\n\n\n<p>\u00c0 la fin du XIXe si\u00e8cle, Gustave Eiffel a propos\u00e9 l&rsquo;id\u00e9e, mais a finalement choisi le Champ-de-Mars pour son chef-d&rsquo;\u0153uvre<\/p>\n\n\n<div class=\"wp-block-image\">\n<figure class=\"aligncenter size-full\"><img data-recalc-dims=\"1\" loading=\"lazy\" decoding=\"async\" width=\"640\" height=\"630\" src=\"https:\/\/i0.wp.com\/la-petite-classe.com\/le-blog-de-la-prof\/wp-content\/uploads\/sites\/2\/2023\/05\/0D7D4519-B292-4C0E-A520-F6C0EE945B42.jpeg?resize=640%2C630&#038;ssl=1\" alt=\"\" class=\"wp-image-1168\" srcset=\"https:\/\/i0.wp.com\/la-petite-classe.com\/le-blog-de-la-prof\/wp-content\/uploads\/sites\/2\/2023\/05\/0D7D4519-B292-4C0E-A520-F6C0EE945B42.jpeg?w=640&amp;ssl=1 640w, https:\/\/i0.wp.com\/la-petite-classe.com\/le-blog-de-la-prof\/wp-content\/uploads\/sites\/2\/2023\/05\/0D7D4519-B292-4C0E-A520-F6C0EE945B42.jpeg?resize=300%2C295&amp;ssl=1 300w\" sizes=\"auto, (max-width: 640px) 100vw, 640px\" \/><\/figure>\n<\/div>\n\n\n<h4 class=\"has-text-align-center wp-block-heading\"><strong><em>Les 7 couleurs de la Tour Eiffel<\/em><\/strong><\/h4>\n\n\n\n<p>Lors de sa construction, en 1887-1888, Gustave Eiffel lui donne sa premi\u00e8re couleur. L&rsquo;architecte d\u00e9cide dans un premier temps de peindre son \u0153uvre en \u00ab\u00a0rouge Venise\u00a0\u00bb, teinte qui \u00e9tait sp\u00e9cialement fabriqu\u00e9e dans la cit\u00e9 italienne au Moyen-\u00c2ge. Les deux couches sont appliqu\u00e9es en atelier avant le montage complet du monument, afin de prot\u00e9ger les morceaux de fer d&rsquo;une potentielle rouille.<\/p>\n\n\n<div class=\"wp-block-image\">\n<figure class=\"aligncenter size-large is-resized\"><img data-recalc-dims=\"1\" loading=\"lazy\" decoding=\"async\" src=\"https:\/\/i0.wp.com\/la-petite-classe.com\/le-blog-de-la-prof\/wp-content\/uploads\/sites\/2\/2023\/05\/image-2.jpeg?resize=683%2C959&#038;ssl=1\" alt=\"\" class=\"wp-image-1169\" width=\"683\" height=\"959\" srcset=\"https:\/\/i0.wp.com\/la-petite-classe.com\/le-blog-de-la-prof\/wp-content\/uploads\/sites\/2\/2023\/05\/image-2.jpeg?resize=729%2C1024&amp;ssl=1 729w, https:\/\/i0.wp.com\/la-petite-classe.com\/le-blog-de-la-prof\/wp-content\/uploads\/sites\/2\/2023\/05\/image-2.jpeg?resize=214%2C300&amp;ssl=1 214w, https:\/\/i0.wp.com\/la-petite-classe.com\/le-blog-de-la-prof\/wp-content\/uploads\/sites\/2\/2023\/05\/image-2.jpeg?resize=768%2C1079&amp;ssl=1 768w, https:\/\/i0.wp.com\/la-petite-classe.com\/le-blog-de-la-prof\/wp-content\/uploads\/sites\/2\/2023\/05\/image-2.jpeg?w=854&amp;ssl=1 854w\" sizes=\"auto, (max-width: 683px) 100vw, 683px\" \/><\/figure>\n<\/div>\n\n\n<p>Ce n&rsquo;est donc qu&rsquo;en 1968 que la Dame de fer a pris la couleur qu&rsquo;elle arbore aujourd&rsquo;hui. Cette couleur a \u00e9t\u00e9 sp\u00e9cialement con\u00e7ue pour l\u2019\u00e9difice et est r\u00e9serv\u00e9e \u00e0 son seul usage. Elle a \u00e9t\u00e9 choisie afin de s&rsquo;harmoniser au mieux avec le paysage parisien.<\/p>\n\n\n<div class=\"wp-block-image\">\n<figure class=\"aligncenter size-large\"><img data-recalc-dims=\"1\" loading=\"lazy\" decoding=\"async\" width=\"748\" height=\"1024\" src=\"https:\/\/i0.wp.com\/la-petite-classe.com\/le-blog-de-la-prof\/wp-content\/uploads\/sites\/2\/2023\/05\/image-3.jpeg?resize=748%2C1024&#038;ssl=1\" alt=\"\" class=\"wp-image-1170\" srcset=\"https:\/\/i0.wp.com\/la-petite-classe.com\/le-blog-de-la-prof\/wp-content\/uploads\/sites\/2\/2023\/05\/image-3.jpeg?resize=748%2C1024&amp;ssl=1 748w, https:\/\/i0.wp.com\/la-petite-classe.com\/le-blog-de-la-prof\/wp-content\/uploads\/sites\/2\/2023\/05\/image-3.jpeg?resize=219%2C300&amp;ssl=1 219w, https:\/\/i0.wp.com\/la-petite-classe.com\/le-blog-de-la-prof\/wp-content\/uploads\/sites\/2\/2023\/05\/image-3.jpeg?resize=768%2C1052&amp;ssl=1 768w, https:\/\/i0.wp.com\/la-petite-classe.com\/le-blog-de-la-prof\/wp-content\/uploads\/sites\/2\/2023\/05\/image-3.jpeg?w=876&amp;ssl=1 876w\" sizes=\"auto, (max-width: 748px) 100vw, 748px\" \/><figcaption class=\"wp-element-caption\">La Tour Eiffel. Paris, vers 1960.<\/figcaption><\/figure>\n<\/div>\n\n\n<h4 class=\"has-text-align-center wp-block-heading\"><strong><em>La tour Eiffel change de taille<\/em><\/strong><\/h4>\n\n\n\n<p>Oui, ce monument r\u00e9tr\u00e9cit de quelques centim\u00e8tres en hiver.\u00a0<br>En effet, le fer puddl\u00e9 a la particularit\u00e9 d\u2019\u00eatre sensible aux variations thermiques. Lorsque le temps se rafra\u00eechit, la tour Eiffel perd quelques centim\u00e8tres.\u00a0C&rsquo;est ce qu&rsquo;on appelle la contraction thermique.<br>Toutefois, quand les temp\u00e9ratures augmentent, la tour Eiffel peut gagner quelques centim\u00e8tres.\u00a0On parle alors de dilatation thermique.<br>Ce ph\u00e9nom\u00e8ne provoque \u00e9galement une l\u00e9g\u00e8re inclinaison du monument, le faisant bouger vers le c\u00f4t\u00e9 oppos\u00e9 au soleil. Ainsi, le degr\u00e9 d&rsquo;inclinaison peut varier en fonction de la chaleur. La tour Eiffel a connu un record d\u2019inclinaison de 18 centim\u00e8tres en 1976.<\/p>\n\n\n<div class=\"wp-block-image\">\n<figure class=\"aligncenter size-full\"><img data-recalc-dims=\"1\" loading=\"lazy\" decoding=\"async\" width=\"517\" height=\"640\" src=\"https:\/\/i0.wp.com\/la-petite-classe.com\/le-blog-de-la-prof\/wp-content\/uploads\/sites\/2\/2023\/05\/6F3C8FC7-9ADA-4F5A-B293-66734BE35E95.jpeg?resize=517%2C640&#038;ssl=1\" alt=\"\" class=\"wp-image-1171\" srcset=\"https:\/\/i0.wp.com\/la-petite-classe.com\/le-blog-de-la-prof\/wp-content\/uploads\/sites\/2\/2023\/05\/6F3C8FC7-9ADA-4F5A-B293-66734BE35E95.jpeg?w=517&amp;ssl=1 517w, https:\/\/i0.wp.com\/la-petite-classe.com\/le-blog-de-la-prof\/wp-content\/uploads\/sites\/2\/2023\/05\/6F3C8FC7-9ADA-4F5A-B293-66734BE35E95.jpeg?resize=242%2C300&amp;ssl=1 242w\" sizes=\"auto, (max-width: 517px) 100vw, 517px\" \/><figcaption class=\"wp-element-caption\">Ernest Jules Renoux (1863-1932). \u00ab\u00a0L&rsquo;El\u00e9phant de Fr\u00e9miet et la Tour Eiffel\u00a0\u00bb. Huile sur toile, vers 1922. Mus\u00e9e des Beaux-Arts de la Ville de Paris, Petit Palais.<\/figcaption><\/figure>\n<\/div>\n\n\n<h4 class=\"has-text-align-center wp-block-heading\"><strong><em>La tour Eiffel a \u00e9t\u00e9 la plus haute tour du monde pendant 42 ans<\/em><\/strong><\/h4>\n\n\n\n<p>Lors de son inauguration le 31 mars 1889, la Tour Eiffel \u00e9tait la plus haute tour du monde avec ses 312 m\u00e8tres.<br>Ce n&rsquo;est qu&rsquo;en 1931 qu&rsquo;elle perd ce record, d\u00e9tr\u00f4n\u00e9e par l&rsquo;Empire State Building (381 m\u00e8tres).<\/p>\n\n\n\n<figure class=\"wp-block-gallery alignwide has-nested-images columns-default is-cropped wp-block-gallery-3 is-layout-flex wp-block-gallery-is-layout-flex\">\n<figure class=\"wp-block-image size-large\"><img data-recalc-dims=\"1\" loading=\"lazy\" decoding=\"async\" width=\"792\" height=\"528\" data-id=\"1172\" src=\"https:\/\/i0.wp.com\/la-petite-classe.com\/le-blog-de-la-prof\/wp-content\/uploads\/sites\/2\/2023\/05\/6A249C05-BC24-4AAA-A73C-8E4A46A4AD14.jpeg?resize=792%2C528&#038;ssl=1\" alt=\"\" class=\"wp-image-1172\" srcset=\"https:\/\/i0.wp.com\/la-petite-classe.com\/le-blog-de-la-prof\/wp-content\/uploads\/sites\/2\/2023\/05\/6A249C05-BC24-4AAA-A73C-8E4A46A4AD14.jpeg?resize=1024%2C683&amp;ssl=1 1024w, https:\/\/i0.wp.com\/la-petite-classe.com\/le-blog-de-la-prof\/wp-content\/uploads\/sites\/2\/2023\/05\/6A249C05-BC24-4AAA-A73C-8E4A46A4AD14.jpeg?resize=300%2C200&amp;ssl=1 300w, https:\/\/i0.wp.com\/la-petite-classe.com\/le-blog-de-la-prof\/wp-content\/uploads\/sites\/2\/2023\/05\/6A249C05-BC24-4AAA-A73C-8E4A46A4AD14.jpeg?resize=768%2C512&amp;ssl=1 768w, https:\/\/i0.wp.com\/la-petite-classe.com\/le-blog-de-la-prof\/wp-content\/uploads\/sites\/2\/2023\/05\/6A249C05-BC24-4AAA-A73C-8E4A46A4AD14.jpeg?w=1200&amp;ssl=1 1200w\" sizes=\"auto, (max-width: 792px) 100vw, 792px\" \/><\/figure>\n\n\n\n<figure class=\"wp-block-image size-full\"><img data-recalc-dims=\"1\" loading=\"lazy\" decoding=\"async\" width=\"640\" height=\"490\" data-id=\"1173\" src=\"https:\/\/i0.wp.com\/la-petite-classe.com\/le-blog-de-la-prof\/wp-content\/uploads\/sites\/2\/2023\/05\/9C4BA8C0-7C2C-482D-AE90-384DF27BA18C.jpeg?resize=640%2C490&#038;ssl=1\" alt=\"\" class=\"wp-image-1173\" srcset=\"https:\/\/i0.wp.com\/la-petite-classe.com\/le-blog-de-la-prof\/wp-content\/uploads\/sites\/2\/2023\/05\/9C4BA8C0-7C2C-482D-AE90-384DF27BA18C.jpeg?w=640&amp;ssl=1 640w, https:\/\/i0.wp.com\/la-petite-classe.com\/le-blog-de-la-prof\/wp-content\/uploads\/sites\/2\/2023\/05\/9C4BA8C0-7C2C-482D-AE90-384DF27BA18C.jpeg?resize=300%2C230&amp;ssl=1 300w\" sizes=\"auto, (max-width: 640px) 100vw, 640px\" \/><\/figure>\n<\/figure>\n\n\n\n<div style=\"height:47px\" aria-hidden=\"true\" class=\"wp-block-spacer\"><\/div>\n\n\n\n<p class=\"has-text-align-right\"><strong><em>\u00c0 bient\u00f4t !\u2026\u2026..\ud83c\uddeb\ud83c\uddf7\ud83c\udf3a\ud83c\udf3b<\/em><\/strong><\/p>\n\n\n<div class=\"kk-star-ratings kksr-auto kksr-align-left kksr-valign-bottom\"\n    data-payload='{&quot;align&quot;:&quot;left&quot;,&quot;id&quot;:&quot;1160&quot;,&quot;slug&quot;:&quot;default&quot;,&quot;valign&quot;:&quot;bottom&quot;,&quot;ignore&quot;:&quot;&quot;,&quot;reference&quot;:&quot;auto&quot;,&quot;class&quot;:&quot;&quot;,&quot;count&quot;:&quot;0&quot;,&quot;legendonly&quot;:&quot;&quot;,&quot;readonly&quot;:&quot;&quot;,&quot;score&quot;:&quot;0&quot;,&quot;starsonly&quot;:&quot;&quot;,&quot;best&quot;:&quot;5&quot;,&quot;gap&quot;:&quot;4&quot;,&quot;greet&quot;:&quot;Votez&quot;,&quot;legend&quot;:&quot;0\\\/5 - (0 vote)&quot;,&quot;size&quot;:&quot;18&quot;,&quot;title&quot;:&quot;La girafe des tours. (J.Carrera Andrade)\u00a0&quot;,&quot;width&quot;:&quot;0&quot;,&quot;_legend&quot;:&quot;{score}\\\/{best} - ({count} {votes})&quot;,&quot;font_factor&quot;:&quot;1.25&quot;}'>\n            \n<div class=\"kksr-stars\">\n    \n<div class=\"kksr-stars-inactive\">\n            <div class=\"kksr-star\" data-star=\"1\" style=\"padding-right: 4px\">\n            \n\n<div class=\"kksr-icon\" style=\"width: 18px; height: 18px;\"><\/div>\n        <\/div>\n            <div class=\"kksr-star\" data-star=\"2\" style=\"padding-right: 4px\">\n            \n\n<div class=\"kksr-icon\" style=\"width: 18px; height: 18px;\"><\/div>\n        <\/div>\n            <div class=\"kksr-star\" data-star=\"3\" style=\"padding-right: 4px\">\n            \n\n<div class=\"kksr-icon\" style=\"width: 18px; height: 18px;\"><\/div>\n        <\/div>\n            <div class=\"kksr-star\" data-star=\"4\" style=\"padding-right: 4px\">\n            \n\n<div class=\"kksr-icon\" style=\"width: 18px; height: 18px;\"><\/div>\n        <\/div>\n            <div class=\"kksr-star\" data-star=\"5\" style=\"padding-right: 4px\">\n            \n\n<div class=\"kksr-icon\" style=\"width: 18px; height: 18px;\"><\/div>\n        <\/div>\n    <\/div>\n    \n<div class=\"kksr-stars-active\" style=\"width: 0px;\">\n            <div class=\"kksr-star\" style=\"padding-right: 4px\">\n            \n\n<div class=\"kksr-icon\" style=\"width: 18px; height: 18px;\"><\/div>\n        <\/div>\n            <div class=\"kksr-star\" style=\"padding-right: 4px\">\n            \n\n<div class=\"kksr-icon\" style=\"width: 18px; height: 18px;\"><\/div>\n        <\/div>\n            <div class=\"kksr-star\" style=\"padding-right: 4px\">\n            \n\n<div class=\"kksr-icon\" style=\"width: 18px; height: 18px;\"><\/div>\n        <\/div>\n            <div class=\"kksr-star\" style=\"padding-right: 4px\">\n            \n\n<div class=\"kksr-icon\" style=\"width: 18px; height: 18px;\"><\/div>\n        <\/div>\n            <div class=\"kksr-star\" style=\"padding-right: 4px\">\n            \n\n<div class=\"kksr-icon\" style=\"width: 18px; height: 18px;\"><\/div>\n        <\/div>\n    <\/div>\n<\/div>\n                \n\n<div class=\"kksr-legend\" style=\"font-size: 14.4px;\">\n            <span class=\"kksr-muted\">Votez<\/span>\n    <\/div>\n    <\/div>\n","protected":false},"excerpt":{"rendered":"<p>La \u00ab\u00a0vieille Dame\u00a0\u00bb ou \u00ab\u00a0la Dame de fer\u00a0\u00bb, surnoms affectueux que lui donnent les fran\u00e7ais, accompagne tous les \u00e9v\u00e9nements du pays.En effet, d\u00e8s sa premi\u00e8re esquisse trac\u00e9e en 1884, la Tour Eiffel devait personnifier Paris et la France.N\u2019oublions pas toutefois qu\u2019il s\u2019agissait \u00e9galement de c\u00e9l\u00e9brer le centenaire de la R\u00e9volution au milieu de vieux royaumes &hellip; <a href=\"https:\/\/la-petite-classe.com\/le-blog-de-la-prof\/la-girafe-des-tours-j-carrera-andrade\/\" class=\"more-link\">Continue reading <span class=\"screen-reader-text\">La girafe des tours. (J.Carrera Andrade)\u00a0<\/span><\/a><\/p>\n","protected":false},"author":1,"featured_media":0,"comment_status":"open","ping_status":"open","sticky":false,"template":"","format":"standard","meta":{"_seopress_robots_primary_cat":"none","_seopress_titles_title":"","_seopress_titles_desc":"","_seopress_robots_index":"","_jetpack_memberships_contains_paid_content":false,"footnotes":""},"categories":[6],"tags":[278,10,276,277,11,22,118,9,275,14,274,36,17],"class_list":["post-1160","post","type-post","status-publish","format-standard","hentry","category-a-batons-rompus","tag-278","tag-burgundy","tag-champ-de-mars","tag-exposition-universelle","tag-french-lessons","tag-french-lessons-for-foreigners","tag-french-online","tag-french-total-immersion","tag-paris","tag-semur-en-auxois","tag-tour-eiffel","tag-tourism","tag-voyage"],"jetpack_featured_media_url":"","jetpack_sharing_enabled":true,"jetpack-related-posts":[],"_links":{"self":[{"href":"https:\/\/la-petite-classe.com\/le-blog-de-la-prof\/wp-json\/wp\/v2\/posts\/1160","targetHints":{"allow":["GET"]}}],"collection":[{"href":"https:\/\/la-petite-classe.com\/le-blog-de-la-prof\/wp-json\/wp\/v2\/posts"}],"about":[{"href":"https:\/\/la-petite-classe.com\/le-blog-de-la-prof\/wp-json\/wp\/v2\/types\/post"}],"author":[{"embeddable":true,"href":"https:\/\/la-petite-classe.com\/le-blog-de-la-prof\/wp-json\/wp\/v2\/users\/1"}],"replies":[{"embeddable":true,"href":"https:\/\/la-petite-classe.com\/le-blog-de-la-prof\/wp-json\/wp\/v2\/comments?post=1160"}],"version-history":[{"count":2,"href":"https:\/\/la-petite-classe.com\/le-blog-de-la-prof\/wp-json\/wp\/v2\/posts\/1160\/revisions"}],"predecessor-version":[{"id":1175,"href":"https:\/\/la-petite-classe.com\/le-blog-de-la-prof\/wp-json\/wp\/v2\/posts\/1160\/revisions\/1175"}],"wp:attachment":[{"href":"https:\/\/la-petite-classe.com\/le-blog-de-la-prof\/wp-json\/wp\/v2\/media?parent=1160"}],"wp:term":[{"taxonomy":"category","embeddable":true,"href":"https:\/\/la-petite-classe.com\/le-blog-de-la-prof\/wp-json\/wp\/v2\/categories?post=1160"},{"taxonomy":"post_tag","embeddable":true,"href":"https:\/\/la-petite-classe.com\/le-blog-de-la-prof\/wp-json\/wp\/v2\/tags?post=1160"}],"curies":[{"name":"wp","href":"https:\/\/api.w.org\/{rel}","templated":true}]}}