{"id":1012,"date":"2023-01-19T15:42:30","date_gmt":"2023-01-19T14:42:30","guid":{"rendered":"https:\/\/la-petite-classe.com\/le-blog-de-la-prof\/?p=1012"},"modified":"2023-01-19T15:42:31","modified_gmt":"2023-01-19T14:42:31","slug":"rosee-a-la-chandeleur-lhiver-a-sa-derniere-heure","status":"publish","type":"post","link":"https:\/\/la-petite-classe.com\/le-blog-de-la-prof\/rosee-a-la-chandeleur-lhiver-a-sa-derniere-heure\/","title":{"rendered":"Ros\u00e9e \u00e0 la Chandeleur, l\u2019hiver \u00e0 sa derni\u00e8re heure"},"content":{"rendered":"<div class=\"wp-block-image\">\n<figure class=\"aligncenter size-large\"><img data-recalc-dims=\"1\" loading=\"lazy\" decoding=\"async\" width=\"792\" height=\"938\" src=\"https:\/\/i0.wp.com\/la-petite-classe.com\/le-blog-de-la-prof\/wp-content\/uploads\/sites\/2\/2023\/01\/image.jpeg?resize=792%2C938&#038;ssl=1\" alt=\"\" class=\"wp-image-1014\" srcset=\"https:\/\/i0.wp.com\/la-petite-classe.com\/le-blog-de-la-prof\/wp-content\/uploads\/sites\/2\/2023\/01\/image.jpeg?resize=865%2C1024&amp;ssl=1 865w, https:\/\/i0.wp.com\/la-petite-classe.com\/le-blog-de-la-prof\/wp-content\/uploads\/sites\/2\/2023\/01\/image.jpeg?resize=253%2C300&amp;ssl=1 253w, https:\/\/i0.wp.com\/la-petite-classe.com\/le-blog-de-la-prof\/wp-content\/uploads\/sites\/2\/2023\/01\/image.jpeg?resize=768%2C910&amp;ssl=1 768w, https:\/\/i0.wp.com\/la-petite-classe.com\/le-blog-de-la-prof\/wp-content\/uploads\/sites\/2\/2023\/01\/image.jpeg?w=1095&amp;ssl=1 1095w\" sizes=\"auto, (max-width: 792px) 100vw, 792px\" \/><\/figure>\n<\/div>\n\n\n<p>Comme beaucoup de f\u00eates, avant d\u2019\u00eatre religieuse, la Chandeleur fut pa\u00efenne et latine, mais elle n\u2019a cess\u00e9 d\u2019\u00eatre symbole de renouveau, de lumi\u00e8re et de purification.<br>Elle a toujours eu lieu, le 01 ou 02 f\u00e9vrier car c\u2019est le mois o\u00fa les jours commencent \u00e0 rallonger et&nbsp;<\/p>\n\n\n\n<p class=\"has-text-align-center\"><strong>F\u00e9vrier en latin vient de februare = se purifier&nbsp;<\/strong><\/p>\n\n\n\n<h2 class=\"has-text-align-center wp-block-heading\">La Chandeleur chez les romains, <br>f\u00eate du retour de la lumi\u00e8re et du soleil<\/h2>\n\n\n<div class=\"wp-block-image\">\n<figure class=\"aligncenter size-large\"><img data-recalc-dims=\"1\" loading=\"lazy\" decoding=\"async\" width=\"792\" height=\"798\" src=\"https:\/\/i0.wp.com\/la-petite-classe.com\/le-blog-de-la-prof\/wp-content\/uploads\/sites\/2\/2023\/01\/image-1.jpeg?resize=792%2C798&#038;ssl=1\" alt=\"\" class=\"wp-image-1015\" srcset=\"https:\/\/i0.wp.com\/la-petite-classe.com\/le-blog-de-la-prof\/wp-content\/uploads\/sites\/2\/2023\/01\/image-1.jpeg?resize=1016%2C1024&amp;ssl=1 1016w, https:\/\/i0.wp.com\/la-petite-classe.com\/le-blog-de-la-prof\/wp-content\/uploads\/sites\/2\/2023\/01\/image-1.jpeg?resize=298%2C300&amp;ssl=1 298w, https:\/\/i0.wp.com\/la-petite-classe.com\/le-blog-de-la-prof\/wp-content\/uploads\/sites\/2\/2023\/01\/image-1.jpeg?resize=150%2C150&amp;ssl=1 150w, https:\/\/i0.wp.com\/la-petite-classe.com\/le-blog-de-la-prof\/wp-content\/uploads\/sites\/2\/2023\/01\/image-1.jpeg?resize=768%2C774&amp;ssl=1 768w, https:\/\/i0.wp.com\/la-petite-classe.com\/le-blog-de-la-prof\/wp-content\/uploads\/sites\/2\/2023\/01\/image-1.jpeg?resize=50%2C50&amp;ssl=1 50w, https:\/\/i0.wp.com\/la-petite-classe.com\/le-blog-de-la-prof\/wp-content\/uploads\/sites\/2\/2023\/01\/image-1.jpeg?w=1105&amp;ssl=1 1105w\" sizes=\"auto, (max-width: 792px) 100vw, 792px\" \/><\/figure>\n<\/div>\n\n\n<p>La Festa Candelarum a donn\u00e9 son nom \u00e0 notre Chandeleur.&nbsp;<br>C\u2019\u00e9tait d\u00e9j\u00e0 la f\u00eate des chandelles ou des lumi\u00e8res, en r\u00e9f\u00e9rence au mythe de Proserpine (Pers\u00e9phone en grec), d\u00e9esse des Enfers qui revenait sur terre, le 1er f\u00e9vrier, apr\u00e8s avoir pass\u00e9 trois mois aux Enfers aupr\u00e8s de son mari Pluton.<\/p>\n\n\n\n<p>Le retour de Proserpine, \u00e9galement d\u00e9esse de la Lumi\u00e8re et des saisons avec sa m\u00e8re C\u00e9r\u00e9s, d\u00e9esse de l\u2019agriculture, des moissons et de la fertilit\u00e9 signe l\u2019arriv\u00e9e de la v\u00e9g\u00e9tation et le rythme des saisons. A travers ce mythe, C\u00e9r\u00e8s se montre comme porteuse de bl\u00e9 et de flambeau, ce qui est souvent frappant dans les repr\u00e9sentations&nbsp;&nbsp;o\u00f9 l\u2019or du bl\u00e9 est tendu comme une torche enflamm\u00e9e.<\/p>\n\n\n\n<p>Le mois de f\u00e9vrier est aussi le dernier mois du calendrier romain,&nbsp;celui de la purification de Rome afin d\u2019attirer la b\u00e9n\u00e9diction des dieux et des anc\u00eatres pour l\u2019ann\u00e9e \u00e0 venir, lors des c\u00e9r\u00e9monies des Lupercales et des Parentalia,durant lesquelles les Vestales d\u00e9posaient des offrandes de g\u00e2teaux de bl\u00e9 qui rappellent nos cr\u00eapes actuelles.<\/p>\n\n\n\n<p class=\"has-text-align-center\"><strong>C\u00e9r\u00e8s a donn\u00e9 le mot c\u00e9r\u00e9ales en fran\u00e7ais<\/strong>.<\/p>\n\n\n\n<h2 class=\"has-text-align-center wp-block-heading\">La chandeleur chez les celtes, <br>f\u00eate du feu purificateur, du renouveau et de la fertilit\u00e9&nbsp;<\/h2>\n\n\n<div class=\"wp-block-image\">\n<figure class=\"aligncenter size-large\"><img data-recalc-dims=\"1\" loading=\"lazy\" decoding=\"async\" width=\"622\" height=\"1024\" src=\"https:\/\/i0.wp.com\/la-petite-classe.com\/le-blog-de-la-prof\/wp-content\/uploads\/sites\/2\/2023\/01\/image-2.jpeg?resize=622%2C1024&#038;ssl=1\" alt=\"\" class=\"wp-image-1016\" srcset=\"https:\/\/i0.wp.com\/la-petite-classe.com\/le-blog-de-la-prof\/wp-content\/uploads\/sites\/2\/2023\/01\/image-2.jpeg?resize=622%2C1024&amp;ssl=1 622w, https:\/\/i0.wp.com\/la-petite-classe.com\/le-blog-de-la-prof\/wp-content\/uploads\/sites\/2\/2023\/01\/image-2.jpeg?resize=182%2C300&amp;ssl=1 182w, https:\/\/i0.wp.com\/la-petite-classe.com\/le-blog-de-la-prof\/wp-content\/uploads\/sites\/2\/2023\/01\/image-2.jpeg?resize=768%2C1264&amp;ssl=1 768w, https:\/\/i0.wp.com\/la-petite-classe.com\/le-blog-de-la-prof\/wp-content\/uploads\/sites\/2\/2023\/01\/image-2.jpeg?resize=933%2C1536&amp;ssl=1 933w, https:\/\/i0.wp.com\/la-petite-classe.com\/le-blog-de-la-prof\/wp-content\/uploads\/sites\/2\/2023\/01\/image-2.jpeg?w=1080&amp;ssl=1 1080w\" sizes=\"auto, (max-width: 622px) 100vw, 622px\" \/><\/figure>\n<\/div>\n\n\n<p>Brigit, bretonne et irlandaise, est barde, m\u00e9decin, forgeron, m\u00e9tiers qui exigent un grand pouvoir magique.<br>Comme la Minerve romaine.<br>Sa transformation saisonni\u00e8re en oiseau para\u00eet constituer l\u2019un des grands mythes de la religion celtique, celui des femmes-oiseaux.<br>D\u00e9esse du renouveau et de la fertilit\u00e9, elle pr\u00e9side \u00e0 la f\u00eate d\u2019Imbolg, c\u00e9r\u00e9monie de purification par le feu, comme les feux lustraux romains de Februa (f\u00e9vrier).<\/p>\n\n\n\n<p>Cette f\u00eate a lieu le 1er f\u00e9vrier et c\u2019est \u00e9galement la c\u00e9l\u00e9bration de la lactation et de la fertilit\u00e9, car c\u2019est le d\u00e9but de la saison o\u00f9 allaitent les brebis.<\/p>\n\n\n\n<h2 class=\"has-text-align-center wp-block-heading\">La Chandeleur dans la religion catholique, <br>J\u00e9sus porteur de lumi\u00e8re&nbsp;<\/h2>\n\n\n<div class=\"wp-block-image\">\n<figure class=\"aligncenter size-full is-resized\"><img data-recalc-dims=\"1\" loading=\"lazy\" decoding=\"async\" src=\"https:\/\/i0.wp.com\/la-petite-classe.com\/le-blog-de-la-prof\/wp-content\/uploads\/sites\/2\/2023\/01\/image-3.jpeg?resize=385%2C288&#038;ssl=1\" alt=\"\" class=\"wp-image-1017\" width=\"385\" height=\"288\" srcset=\"https:\/\/i0.wp.com\/la-petite-classe.com\/le-blog-de-la-prof\/wp-content\/uploads\/sites\/2\/2023\/01\/image-3.jpeg?w=576&amp;ssl=1 576w, https:\/\/i0.wp.com\/la-petite-classe.com\/le-blog-de-la-prof\/wp-content\/uploads\/sites\/2\/2023\/01\/image-3.jpeg?resize=300%2C224&amp;ssl=1 300w\" sizes=\"auto, (max-width: 385px) 100vw, 385px\" \/><figcaption class=\"wp-element-caption\">Pr\u00e9sentation de J\u00e9sus au Temple <\/figcaption><\/figure>\n<\/div>\n\n\n<p>Le 02 f\u00e9vrier, 40 jours apr\u00e8s la naissance de J\u00e9sus, c\u2019est la derni\u00e8re f\u00eate religieuse de No\u00ebl apr\u00e8s l\u2019\u00c9piphanie&nbsp;<br>car voil\u00e0 qu\u2019en 472, le pape G\u00e9lase 1er christianisa cette f\u00eate pa\u00efenne qui donna alors lieu \u00e0 une procession aux flambeaux jusqu\u2019\u00e0 l\u2019\u00e9glise o\u00f9 se d\u00e9roulait la b\u00e9n\u00e9diction des cierges lors d\u2019 une messe solennelle, ce afin de rappeler aux fid\u00e8les la mont\u00e9e de Joseph et Marie, portant J\u00e9sus au Temple et la purification de la Vierge, selon la tradition juive.<\/p>\n\n\n<div class=\"wp-block-image\">\n<figure class=\"aligncenter size-large\"><img data-recalc-dims=\"1\" loading=\"lazy\" decoding=\"async\" width=\"512\" height=\"1024\" src=\"https:\/\/i0.wp.com\/la-petite-classe.com\/le-blog-de-la-prof\/wp-content\/uploads\/sites\/2\/2023\/01\/image-4.jpeg?resize=512%2C1024&#038;ssl=1\" alt=\"\" class=\"wp-image-1018\" srcset=\"https:\/\/i0.wp.com\/la-petite-classe.com\/le-blog-de-la-prof\/wp-content\/uploads\/sites\/2\/2023\/01\/image-4.jpeg?resize=512%2C1024&amp;ssl=1 512w, https:\/\/i0.wp.com\/la-petite-classe.com\/le-blog-de-la-prof\/wp-content\/uploads\/sites\/2\/2023\/01\/image-4.jpeg?resize=150%2C300&amp;ssl=1 150w, https:\/\/i0.wp.com\/la-petite-classe.com\/le-blog-de-la-prof\/wp-content\/uploads\/sites\/2\/2023\/01\/image-4.jpeg?w=696&amp;ssl=1 696w\" sizes=\"auto, (max-width: 512px) 100vw, 512px\" \/><\/figure>\n<\/div>\n\n\n<p>\u00c0 l\u2019issue de cette messe, chaque fid\u00e8le rapportait chez lui un cierge auquel on pr\u00eatait des vertus purificatrices.<\/p>\n\n\n\n<h2 class=\"has-text-align-center wp-block-heading\">Mais pourquoi mange-t-on traditionnellement des cr\u00eapes <br>\u00e0 la chandeleur ?<\/h2>\n\n\n\n<div class=\"wp-block-columns is-layout-flex wp-container-core-columns-is-layout-9d6595d7 wp-block-columns-is-layout-flex\">\n<div class=\"wp-block-column is-layout-flow wp-block-column-is-layout-flow\">\n<figure class=\"wp-block-image size-full\"><img data-recalc-dims=\"1\" loading=\"lazy\" decoding=\"async\" width=\"584\" height=\"968\" src=\"https:\/\/i0.wp.com\/la-petite-classe.com\/le-blog-de-la-prof\/wp-content\/uploads\/sites\/2\/2023\/01\/image-5.jpeg?resize=584%2C968&#038;ssl=1\" alt=\"\" class=\"wp-image-1019\" srcset=\"https:\/\/i0.wp.com\/la-petite-classe.com\/le-blog-de-la-prof\/wp-content\/uploads\/sites\/2\/2023\/01\/image-5.jpeg?w=584&amp;ssl=1 584w, https:\/\/i0.wp.com\/la-petite-classe.com\/le-blog-de-la-prof\/wp-content\/uploads\/sites\/2\/2023\/01\/image-5.jpeg?resize=181%2C300&amp;ssl=1 181w\" sizes=\"auto, (max-width: 584px) 100vw, 584px\" \/><\/figure>\n<\/div>\n\n\n\n<div class=\"wp-block-column is-layout-flow wp-block-column-is-layout-flow\">\n<figure class=\"wp-block-image size-full\"><img data-recalc-dims=\"1\" loading=\"lazy\" decoding=\"async\" width=\"431\" height=\"676\" src=\"https:\/\/i0.wp.com\/la-petite-classe.com\/le-blog-de-la-prof\/wp-content\/uploads\/sites\/2\/2023\/01\/image-6.jpeg?resize=431%2C676&#038;ssl=1\" alt=\"\" class=\"wp-image-1021\" srcset=\"https:\/\/i0.wp.com\/la-petite-classe.com\/le-blog-de-la-prof\/wp-content\/uploads\/sites\/2\/2023\/01\/image-6.jpeg?w=431&amp;ssl=1 431w, https:\/\/i0.wp.com\/la-petite-classe.com\/le-blog-de-la-prof\/wp-content\/uploads\/sites\/2\/2023\/01\/image-6.jpeg?resize=191%2C300&amp;ssl=1 191w\" sizes=\"auto, (max-width: 431px) 100vw, 431px\" \/><\/figure>\n<\/div>\n<\/div>\n\n\n\n<p>Au Moyen \u00c2ge, de plus en plus de p\u00e8lerins furent envoy\u00e9s \u00e0 Rome pour faire b\u00e9nir leurs cierges par le Pape et ce dernier se devait de les nourrir de pain\u2026qui finit par se faire rare..<br>On dilua alors la farine pour en faire de fines galettes..qui sont devenues les cr\u00eapes.<br>Rondes et dor\u00e9es, elles \u00e9voquent le disque du soleil et sa lumi\u00e8re. Et s\u2019accompagnent&nbsp;de bol\u00e9es de cidre.<\/p>\n\n\n\n<p><strong>voici leur recette :<\/strong><\/p>\n\n\n<div class=\"wp-block-image\">\n<figure class=\"aligncenter size-full\"><img data-recalc-dims=\"1\" loading=\"lazy\" decoding=\"async\" width=\"661\" height=\"476\" src=\"https:\/\/i0.wp.com\/la-petite-classe.com\/le-blog-de-la-prof\/wp-content\/uploads\/sites\/2\/2023\/01\/image-7.jpeg?resize=661%2C476&#038;ssl=1\" alt=\"\" class=\"wp-image-1022\" srcset=\"https:\/\/i0.wp.com\/la-petite-classe.com\/le-blog-de-la-prof\/wp-content\/uploads\/sites\/2\/2023\/01\/image-7.jpeg?w=661&amp;ssl=1 661w, https:\/\/i0.wp.com\/la-petite-classe.com\/le-blog-de-la-prof\/wp-content\/uploads\/sites\/2\/2023\/01\/image-7.jpeg?resize=300%2C216&amp;ssl=1 300w\" sizes=\"auto, (max-width: 661px) 100vw, 661px\" \/><\/figure>\n<\/div>\n\n\n<p>Les paysans, plus attach\u00e9s \u00e0 leurs terre, attribu\u00e8rent aux cierges et aux cr\u00eapes de nombreux pouvoirs magiques et ainsi naquirent des nombreux dictons.<\/p>\n\n\n\n<p class=\"has-text-align-center\"><strong>Si vous voulez les d\u00e9couvrir, ainsi qu\u2019une anecdote sur Napol\u00e9on, ouvrez le document <\/strong><\/p>\n\n\n\n<div data-wp-interactive=\"core\/file\" class=\"wp-block-file aligncenter\"><object data-wp-bind--hidden=\"!state.hasPdfPreview\" hidden class=\"wp-block-file__embed\" data=\"https:\/\/la-petite-classe.com\/le-blog-de-la-prof\/wp-content\/uploads\/sites\/2\/2023\/01\/Dictons-et-superstitions-lies-a-la-confection-des-crepes..pdf\" type=\"application\/pdf\" style=\"width:100%;height:600px\" aria-label=\"Contenu embarqu\u00e9 Dictons-et-superstitions-lies-a-la-confection-des-crepes..\"><\/object><a id=\"wp-block-file--media-8989c270-ab55-4dc6-9bf2-c90bb5810a63\" href=\"https:\/\/la-petite-classe.com\/le-blog-de-la-prof\/wp-content\/uploads\/sites\/2\/2023\/01\/Dictons-et-superstitions-lies-a-la-confection-des-crepes..pdf\">Dictons-et-superstitions-lies-a-la-confection-des-crepes.<\/a><a href=\"https:\/\/la-petite-classe.com\/le-blog-de-la-prof\/wp-content\/uploads\/sites\/2\/2023\/01\/Dictons-et-superstitions-lies-a-la-confection-des-crepes..pdf\" class=\"wp-block-file__button wp-element-button\" download aria-describedby=\"wp-block-file--media-8989c270-ab55-4dc6-9bf2-c90bb5810a63\">T\u00e9l\u00e9charger<\/a><\/div>\n\n\n\n<p class=\"has-text-align-right\"><em><strong>\u00c1 bient\u00f4t !&nbsp;\ud83e\udd5e\ud83c\udf7b\u2026<\/strong><\/em><\/p>\n\n\n<div class=\"kk-star-ratings kksr-auto kksr-align-left kksr-valign-bottom\"\n    data-payload='{&quot;align&quot;:&quot;left&quot;,&quot;id&quot;:&quot;1012&quot;,&quot;slug&quot;:&quot;default&quot;,&quot;valign&quot;:&quot;bottom&quot;,&quot;ignore&quot;:&quot;&quot;,&quot;reference&quot;:&quot;auto&quot;,&quot;class&quot;:&quot;&quot;,&quot;count&quot;:&quot;0&quot;,&quot;legendonly&quot;:&quot;&quot;,&quot;readonly&quot;:&quot;&quot;,&quot;score&quot;:&quot;0&quot;,&quot;starsonly&quot;:&quot;&quot;,&quot;best&quot;:&quot;5&quot;,&quot;gap&quot;:&quot;4&quot;,&quot;greet&quot;:&quot;Votez&quot;,&quot;legend&quot;:&quot;0\\\/5 - (0 vote)&quot;,&quot;size&quot;:&quot;18&quot;,&quot;title&quot;:&quot;Ros\u00e9e \u00e0 la Chandeleur, l\u2019hiver \u00e0 sa derni\u00e8re heure&quot;,&quot;width&quot;:&quot;0&quot;,&quot;_legend&quot;:&quot;{score}\\\/{best} - ({count} {votes})&quot;,&quot;font_factor&quot;:&quot;1.25&quot;}'>\n            \n<div class=\"kksr-stars\">\n    \n<div class=\"kksr-stars-inactive\">\n            <div class=\"kksr-star\" data-star=\"1\" style=\"padding-right: 4px\">\n            \n\n<div class=\"kksr-icon\" style=\"width: 18px; height: 18px;\"><\/div>\n        <\/div>\n            <div class=\"kksr-star\" data-star=\"2\" style=\"padding-right: 4px\">\n            \n\n<div class=\"kksr-icon\" style=\"width: 18px; height: 18px;\"><\/div>\n        <\/div>\n            <div class=\"kksr-star\" data-star=\"3\" style=\"padding-right: 4px\">\n            \n\n<div class=\"kksr-icon\" style=\"width: 18px; height: 18px;\"><\/div>\n        <\/div>\n            <div class=\"kksr-star\" data-star=\"4\" style=\"padding-right: 4px\">\n            \n\n<div class=\"kksr-icon\" style=\"width: 18px; height: 18px;\"><\/div>\n        <\/div>\n            <div class=\"kksr-star\" data-star=\"5\" style=\"padding-right: 4px\">\n            \n\n<div class=\"kksr-icon\" style=\"width: 18px; height: 18px;\"><\/div>\n        <\/div>\n    <\/div>\n    \n<div class=\"kksr-stars-active\" style=\"width: 0px;\">\n            <div class=\"kksr-star\" style=\"padding-right: 4px\">\n            \n\n<div class=\"kksr-icon\" style=\"width: 18px; height: 18px;\"><\/div>\n        <\/div>\n            <div class=\"kksr-star\" style=\"padding-right: 4px\">\n            \n\n<div class=\"kksr-icon\" style=\"width: 18px; height: 18px;\"><\/div>\n        <\/div>\n            <div class=\"kksr-star\" style=\"padding-right: 4px\">\n            \n\n<div class=\"kksr-icon\" style=\"width: 18px; height: 18px;\"><\/div>\n        <\/div>\n            <div class=\"kksr-star\" style=\"padding-right: 4px\">\n            \n\n<div class=\"kksr-icon\" style=\"width: 18px; height: 18px;\"><\/div>\n        <\/div>\n            <div class=\"kksr-star\" style=\"padding-right: 4px\">\n            \n\n<div class=\"kksr-icon\" style=\"width: 18px; height: 18px;\"><\/div>\n        <\/div>\n    <\/div>\n<\/div>\n                \n\n<div class=\"kksr-legend\" style=\"font-size: 14.4px;\">\n            <span class=\"kksr-muted\">Votez<\/span>\n    <\/div>\n    <\/div>\n","protected":false},"excerpt":{"rendered":"<p>Comme beaucoup de f\u00eates, avant d\u2019\u00eatre religieuse, la Chandeleur fut pa\u00efenne et latine, mais elle n\u2019a cess\u00e9 d\u2019\u00eatre symbole de renouveau, de lumi\u00e8re et de purification.Elle a toujours eu lieu, le 01 ou 02 f\u00e9vrier car c\u2019est le mois o\u00fa les jours commencent \u00e0 rallonger et&nbsp; F\u00e9vrier en latin vient de februare = se purifier&nbsp; &hellip; <a href=\"https:\/\/la-petite-classe.com\/le-blog-de-la-prof\/rosee-a-la-chandeleur-lhiver-a-sa-derniere-heure\/\" class=\"more-link\">Continue reading <span class=\"screen-reader-text\">Ros\u00e9e \u00e0 la Chandeleur, l\u2019hiver \u00e0 sa derni\u00e8re heure<\/span><\/a><\/p>\n","protected":false},"author":1,"featured_media":0,"comment_status":"open","ping_status":"open","sticky":false,"template":"","format":"standard","meta":{"_seopress_robots_primary_cat":"none","_seopress_titles_title":"","_seopress_titles_desc":"","_seopress_robots_index":"","_jetpack_memberships_contains_paid_content":false,"footnotes":""},"categories":[6],"tags":[261,10,258,260,256,262,255,257,11,22,118,9,259,14,73,12],"class_list":["post-1012","post","type-post","status-publish","format-standard","hentry","category-a-batons-rompus","tag-bretagne","tag-burgundy","tag-celtes","tag-ceres","tag-chandeleur","tag-cidre","tag-crepes","tag-fevrier","tag-french-lessons","tag-french-lessons-for-foreigners","tag-french-online","tag-french-total-immersion","tag-rome","tag-semur-en-auxois","tag-total-immersion","tag-wines"],"jetpack_featured_media_url":"","jetpack_sharing_enabled":true,"jetpack-related-posts":[],"_links":{"self":[{"href":"https:\/\/la-petite-classe.com\/le-blog-de-la-prof\/wp-json\/wp\/v2\/posts\/1012","targetHints":{"allow":["GET"]}}],"collection":[{"href":"https:\/\/la-petite-classe.com\/le-blog-de-la-prof\/wp-json\/wp\/v2\/posts"}],"about":[{"href":"https:\/\/la-petite-classe.com\/le-blog-de-la-prof\/wp-json\/wp\/v2\/types\/post"}],"author":[{"embeddable":true,"href":"https:\/\/la-petite-classe.com\/le-blog-de-la-prof\/wp-json\/wp\/v2\/users\/1"}],"replies":[{"embeddable":true,"href":"https:\/\/la-petite-classe.com\/le-blog-de-la-prof\/wp-json\/wp\/v2\/comments?post=1012"}],"version-history":[{"count":2,"href":"https:\/\/la-petite-classe.com\/le-blog-de-la-prof\/wp-json\/wp\/v2\/posts\/1012\/revisions"}],"predecessor-version":[{"id":1027,"href":"https:\/\/la-petite-classe.com\/le-blog-de-la-prof\/wp-json\/wp\/v2\/posts\/1012\/revisions\/1027"}],"wp:attachment":[{"href":"https:\/\/la-petite-classe.com\/le-blog-de-la-prof\/wp-json\/wp\/v2\/media?parent=1012"}],"wp:term":[{"taxonomy":"category","embeddable":true,"href":"https:\/\/la-petite-classe.com\/le-blog-de-la-prof\/wp-json\/wp\/v2\/categories?post=1012"},{"taxonomy":"post_tag","embeddable":true,"href":"https:\/\/la-petite-classe.com\/le-blog-de-la-prof\/wp-json\/wp\/v2\/tags?post=1012"}],"curies":[{"name":"wp","href":"https:\/\/api.w.org\/{rel}","templated":true}]}}